{"id":430,"date":"2011-11-13T21:44:40","date_gmt":"2011-11-14T03:44:40","guid":{"rendered":"http:\/\/www.plurinominal.com.mx\/?p=430"},"modified":"2011-11-13T21:44:40","modified_gmt":"2011-11-14T03:44:40","slug":"abuchearon-a-sara-rocha-%e2%80%9cdirigente-de-las-mujeres-priistas-del-estado%e2%80%9d","status":"publish","type":"post","link":"https:\/\/www.plurinominal.com.mx\/?p=430","title":{"rendered":"Abuchearon a Sara Rocha, \u201cdirigente de las mujeres pri\u00edstas del estado\u201d"},"content":{"rendered":"<p>Grupo de mujeres pri\u00edstas que se ubicaron al lado del ex presidente Salvador Mart\u00ednez Sifuentes y Leticia V\u00e1zquez, abuchearon a Sara Rocha Medina, dirigente \u201cde las pri\u00edstas en el estado\u201d durante el acto de la toma formal de protesta de la nueva dirigencia tricolor.<\/p>\n","protected":false},"excerpt":{"rendered":"<p>Grupo de mujeres pri\u00edstas que se ubicaron al lado del ex presidente Salvador Mart\u00ednez Sifuentes y Leticia V\u00e1zquez, abuchearon a Sara Rocha Medina, dirigente \u201cde las pri\u00edstas en el estado\u201d&#8230;<\/p>\n","protected":false},"author":1,"featured_media":431,"comment_status":"closed","ping_status":"open","sticky":false,"template":"","format":"standard","meta":{"footnotes":""},"categories":[3],"tags":[256,254,52,255],"class_list":["post-430","post","type-post","status-publish","format-standard","has-post-thumbnail","hentry","category-cerritos","tag-abucheo","tag-leticia-vazquez","tag-pri","tag-sara-rocha","entry","simple"],"_links":{"self":[{"href":"https:\/\/www.plurinominal.com.mx\/index.php?rest_route=\/wp\/v2\/posts\/430","targetHints":{"allow":["GET"]}}],"collection":[{"href":"https:\/\/www.plurinominal.com.mx\/index.php?rest_route=\/wp\/v2\/posts"}],"about":[{"href":"https:\/\/www.plurinominal.com.mx\/index.php?rest_route=\/wp\/v2\/types\/post"}],"author":[{"embeddable":true,"href":"https:\/\/www.plurinominal.com.mx\/index.php?rest_route=\/wp\/v2\/users\/1"}],"replies":[{"embeddable":true,"href":"https:\/\/www.plurinominal.com.mx\/index.php?rest_route=%2Fwp%2Fv2%2Fcomments&post=430"}],"version-history":[{"count":0,"href":"https:\/\/www.plurinominal.com.mx\/index.php?rest_route=\/wp\/v2\/posts\/430\/revisions"}],"wp:featuredmedia":[{"embeddable":true,"href":"https:\/\/www.plurinominal.com.mx\/index.php?rest_route=\/wp\/v2\/media\/431"}],"wp:attachment":[{"href":"https:\/\/www.plurinominal.com.mx\/index.php?rest_route=%2Fwp%2Fv2%2Fmedia&parent=430"}],"wp:term":[{"taxonomy":"category","embeddable":true,"href":"https:\/\/www.plurinominal.com.mx\/index.php?rest_route=%2Fwp%2Fv2%2Fcategories&post=430"},{"taxonomy":"post_tag","embeddable":true,"href":"https:\/\/www.plurinominal.com.mx\/index.php?rest_route=%2Fwp%2Fv2%2Ftags&post=430"}],"curies":[{"name":"wp","href":"https:\/\/api.w.org\/{rel}","templated":true}]}}