{"id":4312,"date":"2012-09-12T15:49:05","date_gmt":"2012-09-12T20:49:05","guid":{"rendered":"http:\/\/www.plurinominal.com.mx\/?p=4312"},"modified":"2012-10-29T15:51:02","modified_gmt":"2012-10-29T21:51:02","slug":"por-falta-de-cirujanos-en-el-imss-pacientes-son-trasladados-a-slp","status":"publish","type":"post","link":"https:\/\/www.plurinominal.com.mx\/?p=4312","title":{"rendered":"Por falta de cirujanos en el IMSS, pacientes son trasladados a SLP"},"content":{"rendered":"<ul>\n<li>Herido prefiri\u00f3 atenderse en \u201cFarmacia Similar\u201d<\/li>\n<\/ul>\n<figure id=\"attachment_4313\" aria-describedby=\"caption-attachment-4313\" style=\"width: 142px\" class=\"wp-caption alignright\"><a href=\"https:\/\/www.plurinominal.com.mx\/wp-content\/uploads\/imss.jpg\"><img loading=\"lazy\" decoding=\"async\" class=\"size-full wp-image-4313\" title=\"imss\" src=\"https:\/\/www.plurinominal.com.mx\/wp-content\/uploads\/imss.jpg\" alt=\"\" width=\"142\" height=\"92\" \/><\/a><figcaption id=\"caption-attachment-4313\" class=\"wp-caption-text\">Falta personal.<\/figcaption><\/figure>\n<p><em>Por Francisco V. De la Cruz.-<\/em> Pacientes denuncian que por falta de cirujanos en el Hospital Regional de Salud \u00abOportunidades\u00bb No. 41 de Cerritos, son enviados a recibir atenci\u00f3n m\u00e9dica a la ciudad de San Luis Potos\u00ed.<br \/>\nEsto se denunci\u00f3 a Plurinominal el 8 de Septiembre, cuando al IMSS llegaron varios heridos. Algunos requer\u00edan atenci\u00f3n m\u00e9dica especializada.<br \/>\nUno de los lesionados, consider\u00f3 que sus heridas eran leves y pidi\u00f3 que se le diera de alta para acudir con un m\u00e9dico particular. As\u00ed tambi\u00e9n evadi\u00f3 el traslado a la capital.<br \/>\nDurante el tiempo que estuvo internado en la cl\u00ednica, se dio cuenta que no le hac\u00edan ning\u00fan tipo de curaci\u00f3n, por eso solicit\u00f3 su salida.<br \/>\nAdri\u00e1n Barr\u00f3n Quintero, que result\u00f3 lesionado en el evento efectuado en El Sa\u00faz, se neg\u00f3 a que lo enviaran a la capital.<br \/>\nEl paciente fue dado de alta alrededor de la una de la madrugada del domingo.<br \/>\nLas enfermeras s\u00f3lo se concretaron a \u201ctaparle\u201d las heridas, por eso al siguiente d\u00eda se dirigi\u00f3 ante personal de \u201cFarmacias Similares\u201d donde lo atendieron mejor.<br \/>\nPor otro lado, se sabe que los fines de semana escasean los m\u00e9dicos legistas.<br \/>\nSeg\u00fan versiones de empleados de funerarias, es dif\u00edcil encontrar profesionistas oficiales en Rioverde y San Luis Potos\u00ed.<br \/>\nEn esa ciudad de la Zona Media, se tuvo que contratar a un Doctor particular, y pagar recursos econ\u00f3micos por el reconocimiento m\u00e9dico legal.<br \/>\nEn la ciudad de San Luis Potos\u00ed, empresas funerarias se quejaron de que el fin de semana no hab\u00eda m\u00e9dico legista en turno para qu\u00e9 se hiciera el reconocimiento a m\u00e1s de nueve cad\u00e1veres que se encontraban en la morgue.<\/p>\n","protected":false},"excerpt":{"rendered":"<p>Herido prefiri\u00f3 atenderse en \u201cFarmacia Similar\u201d Por Francisco V. De la Cruz.- Pacientes denuncian que por falta de cirujanos en el Hospital Regional de Salud \u00abOportunidades\u00bb No. 41 de Cerritos,&#8230;<\/p>\n","protected":false},"author":1,"featured_media":0,"comment_status":"closed","ping_status":"open","sticky":false,"template":"","format":"standard","meta":{"footnotes":""},"categories":[3],"tags":[],"class_list":["post-4312","post","type-post","status-publish","format-standard","hentry","category-cerritos","entry","simple"],"_links":{"self":[{"href":"https:\/\/www.plurinominal.com.mx\/index.php?rest_route=\/wp\/v2\/posts\/4312","targetHints":{"allow":["GET"]}}],"collection":[{"href":"https:\/\/www.plurinominal.com.mx\/index.php?rest_route=\/wp\/v2\/posts"}],"about":[{"href":"https:\/\/www.plurinominal.com.mx\/index.php?rest_route=\/wp\/v2\/types\/post"}],"author":[{"embeddable":true,"href":"https:\/\/www.plurinominal.com.mx\/index.php?rest_route=\/wp\/v2\/users\/1"}],"replies":[{"embeddable":true,"href":"https:\/\/www.plurinominal.com.mx\/index.php?rest_route=%2Fwp%2Fv2%2Fcomments&post=4312"}],"version-history":[{"count":0,"href":"https:\/\/www.plurinominal.com.mx\/index.php?rest_route=\/wp\/v2\/posts\/4312\/revisions"}],"wp:attachment":[{"href":"https:\/\/www.plurinominal.com.mx\/index.php?rest_route=%2Fwp%2Fv2%2Fmedia&parent=4312"}],"wp:term":[{"taxonomy":"category","embeddable":true,"href":"https:\/\/www.plurinominal.com.mx\/index.php?rest_route=%2Fwp%2Fv2%2Fcategories&post=4312"},{"taxonomy":"post_tag","embeddable":true,"href":"https:\/\/www.plurinominal.com.mx\/index.php?rest_route=%2Fwp%2Fv2%2Ftags&post=4312"}],"curies":[{"name":"wp","href":"https:\/\/api.w.org\/{rel}","templated":true}]}}