{"id":4321,"date":"2012-09-16T15:57:49","date_gmt":"2012-09-16T20:57:49","guid":{"rendered":"http:\/\/www.plurinominal.com.mx\/?p=4321"},"modified":"2012-10-29T15:59:10","modified_gmt":"2012-10-29T21:59:10","slug":"en-marcha-el-programa-aulas-didacticas-en-secundarias","status":"publish","type":"post","link":"https:\/\/www.plurinominal.com.mx\/?p=4321","title":{"rendered":"En marcha el programa \u201cAulas did\u00e1cticas\u201d en secundarias"},"content":{"rendered":"<figure id=\"attachment_4322\" aria-describedby=\"caption-attachment-4322\" style=\"width: 157px\" class=\"wp-caption alignright\"><a href=\"https:\/\/www.plurinominal.com.mx\/wp-content\/uploads\/6-aulas.jpg\"><img loading=\"lazy\" decoding=\"async\" class=\"size-full wp-image-4322\" title=\"6 aulas\" src=\"https:\/\/www.plurinominal.com.mx\/wp-content\/uploads\/6-aulas.jpg\" alt=\"\" width=\"157\" height=\"118\" \/><\/a><figcaption id=\"caption-attachment-4322\" class=\"wp-caption-text\">Se aprovecha mejor el tiempo, explican.<\/figcaption><\/figure>\n<p><em>Rom\u00e1n G.-<\/em> Escuelas de nivel secundaria en este municipio, comenzaron con la implementaci\u00f3n del programa \u201cAulas did\u00e1cticas\u201d, en el cual los maestros son designados a un sal\u00f3n en especifico para la impartici\u00f3n de clases. As\u00ed, el alumno debe buscar su pr\u00f3xima c\u00e1tedra, y no esperar en el mismo sal\u00f3n.<br \/>\nEl sub director de la Escuela Secundaria T\u00e9cnica n\u00famero 11, Isidro Sauceda Ram\u00edrez, inform\u00f3 que la medida se establece para que cada maestro tenga su material listo en un sal\u00f3n, \u2013sin colocarlo en cada clase\u2013 esto a ra\u00edz de las exigencia de la Secretar\u00eda de Educaci\u00f3n P\u00fablica.<br \/>\nAl t\u00e9rmino de cada lecci\u00f3n, el alumnado contar\u00e1 con 3 minutos de espera para entrar a su pr\u00f3xima asignatura.<br \/>\nSauceda Ram\u00edrez admiti\u00f3 que la medida tiene pros y contras.<br \/>\nSe mencion\u00f3 por otro lado, que el trabajo en conjunto con la directiva, ha ayudado al mejoramiento de la infraestructura del plantel que ahora busca mejorar el material did\u00e1ctico en cada sal\u00f3n para que la educaci\u00f3n de este nivel de estudios sea f\u00e1cilmente impartida y que el alumno adopte un ritmo propio para su aprendizaje.<br \/>\nDentro del programa se tiene contemplado el equipamiento en las aulas de acuerdo a las necesidades del docente.<br \/>\nLos resultados de esta nueva aplicaci\u00f3n se ver\u00e1n reflejados a mediados del presente ciclo escolar 2012-2013.<\/p>\n","protected":false},"excerpt":{"rendered":"<p>Rom\u00e1n G.- Escuelas de nivel secundaria en este municipio, comenzaron con la implementaci\u00f3n del programa \u201cAulas did\u00e1cticas\u201d, en el cual los maestros son designados a un sal\u00f3n en especifico para&#8230;<\/p>\n","protected":false},"author":1,"featured_media":0,"comment_status":"closed","ping_status":"open","sticky":false,"template":"","format":"standard","meta":{"footnotes":""},"categories":[3],"tags":[],"class_list":["post-4321","post","type-post","status-publish","format-standard","hentry","category-cerritos","entry","simple"],"_links":{"self":[{"href":"https:\/\/www.plurinominal.com.mx\/index.php?rest_route=\/wp\/v2\/posts\/4321","targetHints":{"allow":["GET"]}}],"collection":[{"href":"https:\/\/www.plurinominal.com.mx\/index.php?rest_route=\/wp\/v2\/posts"}],"about":[{"href":"https:\/\/www.plurinominal.com.mx\/index.php?rest_route=\/wp\/v2\/types\/post"}],"author":[{"embeddable":true,"href":"https:\/\/www.plurinominal.com.mx\/index.php?rest_route=\/wp\/v2\/users\/1"}],"replies":[{"embeddable":true,"href":"https:\/\/www.plurinominal.com.mx\/index.php?rest_route=%2Fwp%2Fv2%2Fcomments&post=4321"}],"version-history":[{"count":0,"href":"https:\/\/www.plurinominal.com.mx\/index.php?rest_route=\/wp\/v2\/posts\/4321\/revisions"}],"wp:attachment":[{"href":"https:\/\/www.plurinominal.com.mx\/index.php?rest_route=%2Fwp%2Fv2%2Fmedia&parent=4321"}],"wp:term":[{"taxonomy":"category","embeddable":true,"href":"https:\/\/www.plurinominal.com.mx\/index.php?rest_route=%2Fwp%2Fv2%2Fcategories&post=4321"},{"taxonomy":"post_tag","embeddable":true,"href":"https:\/\/www.plurinominal.com.mx\/index.php?rest_route=%2Fwp%2Fv2%2Ftags&post=4321"}],"curies":[{"name":"wp","href":"https:\/\/api.w.org\/{rel}","templated":true}]}}