{"id":4329,"date":"2012-09-19T16:18:46","date_gmt":"2012-09-19T21:18:46","guid":{"rendered":"http:\/\/www.plurinominal.com.mx\/?p=4329"},"modified":"2012-10-29T16:19:15","modified_gmt":"2012-10-29T22:19:15","slug":"cerritos-con-4-representantes-en-el-nuevo-comite-de-la-seccion-26-del-snte","status":"publish","type":"post","link":"https:\/\/www.plurinominal.com.mx\/?p=4329","title":{"rendered":"Cerritos con 4 representantes en el nuevo Comit\u00e9 de la secci\u00f3n 26 del SNTE"},"content":{"rendered":"<p><em>Francisco V.-<\/em> El proceso de elecci\u00f3n del nuevo Comit\u00e9 de la secci\u00f3n 26 del SNTE, inici\u00f3 con las Asambleas delegacionales llevadas a cabo el 12 septiembre. El evento se realiz\u00f3 el viernes 14 y s\u00e1bado 15 en el hotel Mar\u00eda Dolores de la capital del estado.<br \/>\nLos trabajos de la XXII Asamblea extraordinaria iniciaron con el registro de los Delegados surgidos de cada Asamblea delegacional.<br \/>\nEran siete los aspirantes a suceder al Profesor Cris\u00f3gono S\u00e1nchez Lara como Secretario General de esa secci\u00f3n magisterial.<br \/>\nLogr\u00f3 la nominaci\u00f3n el Profesor Ricardo Garc\u00eda Melo, quien estaba en la cartera de finanzas de la secci\u00f3n 26. Esto se logr\u00f3 gracias a una planilla de unidad presentada por la mayor\u00eda de los Delegados donde obtuvo 510 votos contra los 125 de su contrincante Mart\u00edn Villamar.<br \/>\nPor parte de Cerritos, quienes quedaron dentro del Comit\u00e9 seccional son los profesores Jos\u00e9 Amaro Turrubiartes en Carrera Administrativa, Fernando Hern\u00e1ndez Reta, Lorenzo Cevallos y quien llega por primera ocasi\u00f3n a un Comit\u00e9 seccional es el Profesor Jos\u00e9 Antonio Torres Reyes, quien actualmente se desempe\u00f1a como primer Regidor en el Ayuntamiento, adem\u00e1s es docente en la Escuela Secundaria T\u00e9cnica n\u00famero 11.<br \/>\nAl respecto, Amaro Turrubiartes coment\u00f3 que los trabajos de la XXII Asamblea Extraordinaria fueron intensos. Inici\u00f3 el s\u00e1bado a las nueve de la ma\u00f1ana y concluy\u00f3 hasta el domingo a la una de la tarde, aunque la elecci\u00f3n del nuevo Secretario General Ricardo Garc\u00eda Melo ocurri\u00f3 alrededor de las seis de la ma\u00f1ana.<br \/>\nAdmiti\u00f3 que estaba fuerte la planilla impulsora del Profesor Alejo Rivera, pero al final se opt\u00f3 porque la ganadora fuera de unidad.<br \/>\nEn la secretar\u00eda de conflictos de telesecundaria, estar\u00e1 el profesor Jorge Salinas, quien al parecer es oriundo de la ciudad de Rioverde.<br \/>\nEl nuevo Comit\u00e9 de la secci\u00f3n 26 entrar\u00eda en funciones el mi\u00e9rcoles 19 de septiembre alrededor de las nueve de la ma\u00f1ana, sin ceremonia previa.<br \/>\nAsistentes al Congreso Extraordinario comentaron las acciones de Cris\u00f3gono S\u00e1nchez Lara, entre ellos el reparto de veh\u00edculos cada 15 de mayo por el festejo del maestro, para que mediante rifa se distribuyeran entre los docentes, adem\u00e1s de las prestaciones que logr\u00f3 para el magisterio potosino.<br \/>\nSe espera que el nuevo Secretario General supere lo hecho por el ahora ex Secretario General.<\/p>\n","protected":false},"excerpt":{"rendered":"<p>Francisco V.- El proceso de elecci\u00f3n del nuevo Comit\u00e9 de la secci\u00f3n 26 del SNTE, inici\u00f3 con las Asambleas delegacionales llevadas a cabo el 12 septiembre. El evento se realiz\u00f3&#8230;<\/p>\n","protected":false},"author":1,"featured_media":0,"comment_status":"closed","ping_status":"open","sticky":false,"template":"","format":"standard","meta":{"footnotes":""},"categories":[3],"tags":[],"class_list":["post-4329","post","type-post","status-publish","format-standard","hentry","category-cerritos","entry","simple"],"_links":{"self":[{"href":"https:\/\/www.plurinominal.com.mx\/index.php?rest_route=\/wp\/v2\/posts\/4329","targetHints":{"allow":["GET"]}}],"collection":[{"href":"https:\/\/www.plurinominal.com.mx\/index.php?rest_route=\/wp\/v2\/posts"}],"about":[{"href":"https:\/\/www.plurinominal.com.mx\/index.php?rest_route=\/wp\/v2\/types\/post"}],"author":[{"embeddable":true,"href":"https:\/\/www.plurinominal.com.mx\/index.php?rest_route=\/wp\/v2\/users\/1"}],"replies":[{"embeddable":true,"href":"https:\/\/www.plurinominal.com.mx\/index.php?rest_route=%2Fwp%2Fv2%2Fcomments&post=4329"}],"version-history":[{"count":0,"href":"https:\/\/www.plurinominal.com.mx\/index.php?rest_route=\/wp\/v2\/posts\/4329\/revisions"}],"wp:attachment":[{"href":"https:\/\/www.plurinominal.com.mx\/index.php?rest_route=%2Fwp%2Fv2%2Fmedia&parent=4329"}],"wp:term":[{"taxonomy":"category","embeddable":true,"href":"https:\/\/www.plurinominal.com.mx\/index.php?rest_route=%2Fwp%2Fv2%2Fcategories&post=4329"},{"taxonomy":"post_tag","embeddable":true,"href":"https:\/\/www.plurinominal.com.mx\/index.php?rest_route=%2Fwp%2Fv2%2Ftags&post=4329"}],"curies":[{"name":"wp","href":"https:\/\/api.w.org\/{rel}","templated":true}]}}