{"id":4504,"date":"2012-09-24T00:01:54","date_gmt":"2012-09-24T05:01:54","guid":{"rendered":"http:\/\/www.plurinominal.com.mx\/?p=4504"},"modified":"2012-11-22T00:02:47","modified_gmt":"2012-11-22T06:02:47","slug":"pocos-datos-sobre-la-historia-municipal","status":"publish","type":"post","link":"https:\/\/www.plurinominal.com.mx\/?p=4504","title":{"rendered":"Pocos datos sobre la historia municipal"},"content":{"rendered":"<figure id=\"attachment_4505\" aria-describedby=\"caption-attachment-4505\" style=\"width: 167px\" class=\"wp-caption alignright\"><a href=\"https:\/\/www.plurinominal.com.mx\/wp-content\/uploads\/escudo.jpg\"><img loading=\"lazy\" decoding=\"async\" class=\"size-full wp-image-4505\" title=\"escudo\" src=\"https:\/\/www.plurinominal.com.mx\/wp-content\/uploads\/escudo.jpg\" alt=\"\" width=\"167\" height=\"205\" \/><\/a><figcaption id=\"caption-attachment-4505\" class=\"wp-caption-text\">El escudo de Cerritos.<\/figcaption><\/figure>\n<p><em>Redacci\u00f3n.-<\/em> Al iniciarse un trabajo escolar de historia, se concluy\u00f3 que son pocos los cerritenses que conocen la suya.<br \/>\nDurante el mes de septiembre, estudiantes indagaron sobre la fundaci\u00f3n y desarrollo de nuestra comunidad natal, as\u00ed como sucesos m\u00e1s sobresalientes, pudiendo entrevistarse con docentes que tampoco pudieron dar respuestas precisas.<br \/>\nAl llevarse a cabo una investigaci\u00f3n sobre el tema, se supo incluso que la bibliograf\u00eda sobre Cerritos es escasa y que al cuestionar a 10 personas acaso una conoce datos del origen municipal.<br \/>\nAnualmente no se conmemora un acontecimiento relevante distinto a las festividades de junio.<br \/>\nDe acuerdo a la \u201cEnciclopedia de los Municipios de M\u00e9xico\u201d, en la \u00e9poca colonial a nuestra tierra se le conoci\u00f3 con el nombre de \u201cRancho de San Juan de los Cerritos\u201d.<br \/>\nEn 1826 recibe el t\u00edtulo de \u201cVilla de Cerritos\u201d y en el a\u00f1o de 1830 adquiere categor\u00eda pol\u00edtica de municipio, hasta la fecha.<br \/>\nLos espa\u00f1oles comenzaron a llegar a esta regi\u00f3n del altiplano potosino a fines del siglo XVI. Ellos fueron los misioneros franciscanos impulsados por sus labores de evangelizaci\u00f3n y los conquistadores, \u00e9stos movidos por la codicia del oro y minerales que explotar.<br \/>\nSe indica en el documento que puede consultarse en la red, que la explotaci\u00f3n del mineral de Guadalc\u00e1zar trajo una dependencia a Cerritos, no s\u00f3lo en lo econ\u00f3mico sino tambi\u00e9n en lo pol\u00edtico y religioso.<br \/>\nEsto dur\u00f3 muchos a\u00f1os hasta que los vecinos de lo que era el rancho de San Juan de los Cerritos decidieron emanciparse de Guadalc\u00e1zar para buscar su propio destino, esto fue hasta despu\u00e9s de consumada la Independencia nacional.<br \/>\nEn estas condiciones estaba ya entrado el siglo XVII. Llegaban y sal\u00edan del rancho gentes que iban a Guadalc\u00e1zar o ven\u00edan de all\u00e1. Eran mineros sin fortuna, simples personas de trabajo, comerciantes y agricultores. Unos se iban pronto, otros se quedaban. Uno de ellos ten\u00eda tiempo all\u00ed, era un espa\u00f1ol, se conceptuaba como uno de los primeros pobladores del rancho de San Juan de los Cerritos, se llamaba Mart\u00edn Turrubiartes y se dec\u00eda capit\u00e1n de las milicias virreinales.<br \/>\nNo se sabe cuando ni como muri\u00f3 Turrubiartes, pero existe una localidad que tiene en su nombre el apellido de este personaje, y adem\u00e1s lo ostentan muchas familias de la regi\u00f3n.<br \/>\nDebe de agregarse que la Legislatura del Estado, con posterioridad dict\u00f3 el texto de la Ley sobre Arreglo de los Municipios del Estado, que es el decreto No. 67 promulgado el 23 de abril de 1830, el cu\u00e1l en su art\u00edculo 9o. declara que Cerritos se constituir\u00eda de los terrenos de Cerritos mismo y las haciendas de Derramaderos y San Crist\u00f3bal con las congregaciones y ranchos del Rinc\u00f3n de Turrubiartes, San Pedro de los Hern\u00e1ndez y Cerrito Blanco.<br \/>\nComo se ver\u00e1, los \u00fanicos rastros de la historia cerritense se encuentran ubicados en paginas de internet y publicaciones escritas que son escasas.<\/p>\n","protected":false},"excerpt":{"rendered":"<p>Redacci\u00f3n.- Al iniciarse un trabajo escolar de historia, se concluy\u00f3 que son pocos los cerritenses que conocen la suya. Durante el mes de septiembre, estudiantes indagaron sobre la fundaci\u00f3n y&#8230;<\/p>\n","protected":false},"author":1,"featured_media":0,"comment_status":"closed","ping_status":"open","sticky":false,"template":"","format":"standard","meta":{"footnotes":""},"categories":[3],"tags":[],"class_list":["post-4504","post","type-post","status-publish","format-standard","hentry","category-cerritos","entry","simple"],"_links":{"self":[{"href":"https:\/\/www.plurinominal.com.mx\/index.php?rest_route=\/wp\/v2\/posts\/4504","targetHints":{"allow":["GET"]}}],"collection":[{"href":"https:\/\/www.plurinominal.com.mx\/index.php?rest_route=\/wp\/v2\/posts"}],"about":[{"href":"https:\/\/www.plurinominal.com.mx\/index.php?rest_route=\/wp\/v2\/types\/post"}],"author":[{"embeddable":true,"href":"https:\/\/www.plurinominal.com.mx\/index.php?rest_route=\/wp\/v2\/users\/1"}],"replies":[{"embeddable":true,"href":"https:\/\/www.plurinominal.com.mx\/index.php?rest_route=%2Fwp%2Fv2%2Fcomments&post=4504"}],"version-history":[{"count":0,"href":"https:\/\/www.plurinominal.com.mx\/index.php?rest_route=\/wp\/v2\/posts\/4504\/revisions"}],"wp:attachment":[{"href":"https:\/\/www.plurinominal.com.mx\/index.php?rest_route=%2Fwp%2Fv2%2Fmedia&parent=4504"}],"wp:term":[{"taxonomy":"category","embeddable":true,"href":"https:\/\/www.plurinominal.com.mx\/index.php?rest_route=%2Fwp%2Fv2%2Fcategories&post=4504"},{"taxonomy":"post_tag","embeddable":true,"href":"https:\/\/www.plurinominal.com.mx\/index.php?rest_route=%2Fwp%2Fv2%2Ftags&post=4504"}],"curies":[{"name":"wp","href":"https:\/\/api.w.org\/{rel}","templated":true}]}}