{"id":4508,"date":"2012-09-25T00:08:26","date_gmt":"2012-09-25T05:08:26","guid":{"rendered":"http:\/\/www.plurinominal.com.mx\/?p=4508"},"modified":"2012-11-22T00:09:56","modified_gmt":"2012-11-22T06:09:56","slug":"willibaldo-camacho-nuevo-asesor-tecnico-de-la-zona-39-de-telesecundarias","status":"publish","type":"post","link":"https:\/\/www.plurinominal.com.mx\/?p=4508","title":{"rendered":"Willibaldo Camacho nuevo Asesor T\u00e9cnico de la Zona 39 de telesecundarias"},"content":{"rendered":"<figure id=\"attachment_4509\" aria-describedby=\"caption-attachment-4509\" style=\"width: 142px\" class=\"wp-caption alignright\"><a href=\"https:\/\/www.plurinominal.com.mx\/wp-content\/uploads\/profe-wili.jpg\"><img loading=\"lazy\" decoding=\"async\" class=\"size-full wp-image-4509\" title=\"profe wili\" src=\"https:\/\/www.plurinominal.com.mx\/wp-content\/uploads\/profe-wili.jpg\" alt=\"\" width=\"142\" height=\"141\" \/><\/a><figcaption id=\"caption-attachment-4509\" class=\"wp-caption-text\">Wilibaldo Camacho. Asesor T\u00e9cnico.<\/figcaption><\/figure>\n<p><em>Francisco V.-<\/em> La pasada semana el Supervisor de la Zona 39 de telesecundarias, Profesor Pedro Mota Garc\u00eda, extendi\u00f3 el nombramiento de Asesor T\u00e9cnico Pedag\u00f3gico a Willibaldo Camacho Rivera, quien prestaba su servicio docente en la Telesecundaria de Puerta del R\u00edo, en Villa Ju\u00e1rez.<br \/>\nEl nombramiento recibido se le extendi\u00f3 en reconocimiento \u201ca su empe\u00f1o y entrega a la labor docente\u201d.<br \/>\nCamacho Rivera primeramente figur\u00f3 como docente en la Zona 38 de telesecundarias, perteneciente al municipio de Cerritos.<br \/>\nLabor\u00f3 como tal en las escuelas de San Nicol\u00e1s del Bosque, Tepetate, Sa\u00faz, San Diego y Rinc\u00f3n de Banda, posteriormente pas\u00f3 a la Zona 39 del municipio de Villa Ju\u00e1rez.<br \/>\nEntre las prioridades del Profesor en el desempe\u00f1o de su nuevo encargo, est\u00e1 el de brindar asesor\u00eda a los profesores pertenecientes a esa Zona adem\u00e1s de cumplir con las tareas encomendadas por la autoridad educativa.<br \/>\nEn la Zona 38 se nombr\u00f3 Asesor T\u00e9cnico a Pablo Hern\u00e1ndez Maldonado, quien se desempe\u00f1aba como docente en la escuela telesecundaria de San Pedro de los Hern\u00e1ndez. \u00c9l viene a sustituir a la Profesora Catalina \u00c1vila Grimaldo, quien durante a\u00f1os se desempe\u00f1\u00f3 en el cargo de Asesora T\u00e9cnica Pedag\u00f3gica, pero por razones del servicio ser\u00e1 reacomodada como docente en la escuela \u201cH\u00e9roes Potosinos\u201d.<br \/>\nEn ambas Zonas se realizar\u00e1n movimientos por necesidades del servicio, ya que el control demogr\u00e1fico empieza a afectar tanto escuelas telesecundarias como de nivel primario, algunas de estas \u00faltimas han quedado en manos de CONAFE (Consejo Nacional de Fomento Educativo), mientras que algunas han desaparecido y los profesores se cambian a otras instituciones.<br \/>\nCon los retiros que se avecinan, varios maestros ser\u00e1n removidos por necesidades del servicio.<br \/>\nLas primeras jubilaciones en el \u00e1mbito de telesecundarias inician el pr\u00f3ximo mes de octubre.<br \/>\nLa escuela \u201cH\u00e9roes Potosinos\u201d debido a la gran captaci\u00f3n de alumnos necesita de dos profesores m\u00e1s, para que se hagan cargo de igual n\u00famero de grupos.<\/p>\n","protected":false},"excerpt":{"rendered":"<p>Francisco V.- La pasada semana el Supervisor de la Zona 39 de telesecundarias, Profesor Pedro Mota Garc\u00eda, extendi\u00f3 el nombramiento de Asesor T\u00e9cnico Pedag\u00f3gico a Willibaldo Camacho Rivera, quien prestaba&#8230;<\/p>\n","protected":false},"author":1,"featured_media":0,"comment_status":"closed","ping_status":"open","sticky":false,"template":"","format":"standard","meta":{"footnotes":""},"categories":[3],"tags":[],"class_list":["post-4508","post","type-post","status-publish","format-standard","hentry","category-cerritos","entry","simple"],"_links":{"self":[{"href":"https:\/\/www.plurinominal.com.mx\/index.php?rest_route=\/wp\/v2\/posts\/4508","targetHints":{"allow":["GET"]}}],"collection":[{"href":"https:\/\/www.plurinominal.com.mx\/index.php?rest_route=\/wp\/v2\/posts"}],"about":[{"href":"https:\/\/www.plurinominal.com.mx\/index.php?rest_route=\/wp\/v2\/types\/post"}],"author":[{"embeddable":true,"href":"https:\/\/www.plurinominal.com.mx\/index.php?rest_route=\/wp\/v2\/users\/1"}],"replies":[{"embeddable":true,"href":"https:\/\/www.plurinominal.com.mx\/index.php?rest_route=%2Fwp%2Fv2%2Fcomments&post=4508"}],"version-history":[{"count":0,"href":"https:\/\/www.plurinominal.com.mx\/index.php?rest_route=\/wp\/v2\/posts\/4508\/revisions"}],"wp:attachment":[{"href":"https:\/\/www.plurinominal.com.mx\/index.php?rest_route=%2Fwp%2Fv2%2Fmedia&parent=4508"}],"wp:term":[{"taxonomy":"category","embeddable":true,"href":"https:\/\/www.plurinominal.com.mx\/index.php?rest_route=%2Fwp%2Fv2%2Fcategories&post=4508"},{"taxonomy":"post_tag","embeddable":true,"href":"https:\/\/www.plurinominal.com.mx\/index.php?rest_route=%2Fwp%2Fv2%2Ftags&post=4508"}],"curies":[{"name":"wp","href":"https:\/\/api.w.org\/{rel}","templated":true}]}}