{"id":4516,"date":"2012-09-26T00:17:56","date_gmt":"2012-09-26T05:17:56","guid":{"rendered":"http:\/\/www.plurinominal.com.mx\/?p=4516"},"modified":"2012-11-22T00:18:51","modified_gmt":"2012-11-22T06:18:51","slug":"supervisores-de-zonas-escolares-participaron-en-diplomado-del-flacso","status":"publish","type":"post","link":"https:\/\/www.plurinominal.com.mx\/?p=4516","title":{"rendered":"Supervisores de zonas escolares participaron en diplomado del FLACSO"},"content":{"rendered":"<figure id=\"attachment_4517\" aria-describedby=\"caption-attachment-4517\" style=\"width: 189px\" class=\"wp-caption alignright\"><a href=\"https:\/\/www.plurinominal.com.mx\/wp-content\/uploads\/20-premio-flacso.jpg\"><img loading=\"lazy\" decoding=\"async\" class=\"size-full wp-image-4517\" title=\"20 premio flacso\" src=\"https:\/\/www.plurinominal.com.mx\/wp-content\/uploads\/20-premio-flacso.jpg\" alt=\"\" width=\"189\" height=\"142\" \/><\/a><figcaption id=\"caption-attachment-4517\" class=\"wp-caption-text\">Participaron en Diplomado.<\/figcaption><\/figure>\n<p><em>Rom\u00e1n G.- <\/em>Cerca de 10 supervisores escolares de Cerritos y Villa Ju\u00e1rez recibieron este 25 de Septiembre un reconocimiento luego de haber participado en el taller de Gesti\u00f3n Institucional e Innovaci\u00f3n Educativa brindado por la Facultad Latinoamericana de Ciencias Sociales (FLACSO).<br \/>\nEl taller de modalidad semi-presencial tuvo una duraci\u00f3n de 6 meses (180 horas) y valor curricular.<br \/>\nEstuvo enfocado a la capacitaci\u00f3n de los docentes que pr\u00f3ximamente estar\u00e1n estrenando nuevas instalaciones educativas con sede en este municipio.<br \/>\nLa entrega de los diplomados y constancia de asistencia corri\u00f3 por cuenta del presiente municipal de Cerritos Erasmo Galv\u00e1n Nieto, acompa\u00f1ado por el profesor Mario Bautista Trejo, Coordinador Estatal del Proyecto de Innovaci\u00f3n de Fortalecimiento de la Gesti\u00f3n Institucional y la Supervisi\u00f3n Escolar y el Ingeniero Luis Antonio Vel\u00e1zquez L\u00f3pez, coordinador de obra de la Secretar\u00eda de Educaci\u00f3n P\u00fablica del Estado.<br \/>\nSe indic\u00f3 que este tipo de diplomados han sido aplicados como actualizaci\u00f3n a cada docente, registrando una grata participaci\u00f3n de m\u00e1s de 160 profesores en todo el territorio potosino, conformando en general grupos de 23 a 24 supervisores por zona.<br \/>\nCon esto se intenta mejorar el \u00edndice de aprendizaje en cada regi\u00f3n escolar, en este caso de Cerritos y Villa Ju\u00e1rez.<br \/>\nCerca de la 1:30 de la tarde, los participantes y docentes disfrutaron de una breve merienda en las instalaciones de la escuela primaria Marcos Vives lugar donde se llev\u00f3 a cabo dicho diplomado.<\/p>\n","protected":false},"excerpt":{"rendered":"<p>Rom\u00e1n G.- Cerca de 10 supervisores escolares de Cerritos y Villa Ju\u00e1rez recibieron este 25 de Septiembre un reconocimiento luego de haber participado en el taller de Gesti\u00f3n Institucional e&#8230;<\/p>\n","protected":false},"author":1,"featured_media":0,"comment_status":"closed","ping_status":"open","sticky":false,"template":"","format":"standard","meta":{"footnotes":""},"categories":[3],"tags":[],"class_list":["post-4516","post","type-post","status-publish","format-standard","hentry","category-cerritos","entry","simple"],"_links":{"self":[{"href":"https:\/\/www.plurinominal.com.mx\/index.php?rest_route=\/wp\/v2\/posts\/4516","targetHints":{"allow":["GET"]}}],"collection":[{"href":"https:\/\/www.plurinominal.com.mx\/index.php?rest_route=\/wp\/v2\/posts"}],"about":[{"href":"https:\/\/www.plurinominal.com.mx\/index.php?rest_route=\/wp\/v2\/types\/post"}],"author":[{"embeddable":true,"href":"https:\/\/www.plurinominal.com.mx\/index.php?rest_route=\/wp\/v2\/users\/1"}],"replies":[{"embeddable":true,"href":"https:\/\/www.plurinominal.com.mx\/index.php?rest_route=%2Fwp%2Fv2%2Fcomments&post=4516"}],"version-history":[{"count":0,"href":"https:\/\/www.plurinominal.com.mx\/index.php?rest_route=\/wp\/v2\/posts\/4516\/revisions"}],"wp:attachment":[{"href":"https:\/\/www.plurinominal.com.mx\/index.php?rest_route=%2Fwp%2Fv2%2Fmedia&parent=4516"}],"wp:term":[{"taxonomy":"category","embeddable":true,"href":"https:\/\/www.plurinominal.com.mx\/index.php?rest_route=%2Fwp%2Fv2%2Fcategories&post=4516"},{"taxonomy":"post_tag","embeddable":true,"href":"https:\/\/www.plurinominal.com.mx\/index.php?rest_route=%2Fwp%2Fv2%2Ftags&post=4516"}],"curies":[{"name":"wp","href":"https:\/\/api.w.org\/{rel}","templated":true}]}}