{"id":4525,"date":"2012-10-03T00:24:25","date_gmt":"2012-10-03T05:24:25","guid":{"rendered":"http:\/\/www.plurinominal.com.mx\/?p=4525"},"modified":"2012-11-22T00:24:53","modified_gmt":"2012-11-22T06:24:53","slug":"asumimos-el-compromiso-de-gobernar-para-todos-pan","status":"publish","type":"post","link":"https:\/\/www.plurinominal.com.mx\/?p=4525","title":{"rendered":"Asumimos el compromiso de gobernar para todos: PAN"},"content":{"rendered":"<p><em>Redacci\u00f3n.-<\/em> En el acto de la toma de protesta llevado a cabo el primero de octubre, \u2013donde tambi\u00e9n sobresali\u00f3 el discurso de Juan Arturo Narv\u00e1ez Banda tanto como el de la alcaldesa Dulce Mar\u00eda Montez Z\u00fa\u00f1iga\u2013 se record\u00f3 que \u201cCerritos, al igual que el pa\u00eds entero, ha sido testigo y protagonista del reciente proceso de transici\u00f3n democr\u00e1tica y de una nueva alternancia en el poder\u201d.<br \/>\nTextualmente, la Presidenta Municipal dijo que \u201cel primero de Julio, M\u00e9xico vivi\u00f3 una intensa jornada electoral en la cual se opt\u00f3 mayoritariamente por un nuevo gobierno. Otro tanto ocurri\u00f3 en nuestro Municipio, en el que como abanderados del Partido Acci\u00f3n Nacional, obtuvimos el voto favorable de la mayor\u00eda de los electores. Con base en el resultado de este mandato popular, asumimos hoy el compromiso de gobernar para todos, en beneficio de todos y a la vista de todos los ciudadanos del Municipio. En tal sentido, asumo con humildad, pero con orgullo ciudadano, el honor y la responsabilidad de convertirme en Presidenta Municipal, por decisi\u00f3n mayoritaria del pueblo y de la autoridad electoral. A todos los que depositaron en m\u00ed persona su confianza, les agradezco de todo coraz\u00f3n, y conf\u00edo en que con la ayuda de Dios, con el apoyo de mis colaboradores, con la colaboraci\u00f3n de cada uno de ustedes y con la decisi\u00f3n de realizar mi mejor esfuerzo, podr\u00e9 cumplir con este compromiso\u201d.<br \/>\nDurante su toma de protesta, la alcaldesa agreg\u00f3, \u201cla contienda electoral ha quedado atr\u00e1s; es hora de ponernos a trabajar por el progreso del Municipio. Nuestra consigna ser\u00e1 la de promover la unidad de todos y nuestro inter\u00e9s es convocarlos a todos, sin distinci\u00f3n de preferencias pol\u00edticas, ideol\u00f3gicas o clases sociales, a colaborar desde el lugar que cada uno ocupa, para lograr unidos el progreso de nuestro municipio\u201d.<br \/>\nLa segunda presidenta municipal en la historia cerritense, a\u00f1adi\u00f3, \u201clos invito a todos a privilegiar el inter\u00e9s colectivo por sobre los intereses personales o de grupo, como condici\u00f3n necesaria para construir la concordia y la paz social, indispensables para superar los antagonismos y las diferencias que, lejos de favorecer, solo estorban el progreso y el bienestar com\u00fan\u201d.<br \/>\nEn su discurso, asegur\u00f3 que la designaci\u00f3n de sus funcionarios se ha hecho con apego al criterio de honestidad, eficacia y esp\u00edritu de servicio, que deber\u00e1n distinguir a los servidores p\u00fablicos que ocupar\u00e1n los dem\u00e1s puestos de gobierno. Con esto, no pretendemos excluir a nadie, sino buscamos ofrecer a la ciudadan\u00eda un servicio que se caracterice por el respeto.<br \/>\nSe escuch\u00f3 en el acto: \u201cSeremos respetuosos de los leg\u00edtimos derechos de los trabajadores, en todos los casos procederemos con absoluta observancia a lo que manda la Ley de Trabajadores al Servicio del Estado y de los Municipios. Habremos de practicar una evaluaci\u00f3n del desempe\u00f1o y de la situaci\u00f3n laboral de cada uno de los actuales trabajadores y quienes obtengan resultados favorables por su trabajo, honestidad y esp\u00edritu de servicio ser\u00e1n tomados en cuenta en esta administraci\u00f3n, en el cargo que de acuerdo a sus capacidades se considere conveniente para que puedan continuar sirviendo a la ciudadan\u00eda\u201d.<br \/>\n\u201cMi intenci\u00f3n es servir, no servirme del cargo que se me ha encomendado. En este sentido y conforme lo establece la Ley de Responsabilidades de los Servidores P\u00fablicos, presentaremos nuestra declaraci\u00f3n patrimonial al inicio de la presente gesti\u00f3n\u201d.<br \/>\n\u201cMuchas y urgentes son las demandas de la poblaci\u00f3n, tal y como nos fueron expresadas y las conocimos personalmente durante el desarrollo de la campa\u00f1a, las cuales habremos de atender en la medida en que vayamos disponiendo de los recursos necesarios, conforme a lo dispuesto por la Ley de Ingresos y el presupuesto de egresos municipales, que habremos de presentar en los primeros meses de esta administraci\u00f3n, necesidades que a su vez, ser\u00e1n tomadas en cuenta en la programaci\u00f3n de nuestro Plan de Desarrollo 2012-2015, contando con la opini\u00f3n de los Organismos de Participaci\u00f3n Ciudadana, de los que deber\u00e1n formar parte los representantes de las comunidades y sectores de la poblaci\u00f3n\u201d.<br \/>\n\u201cConsidero oportuno aclarar a ustedes que los recursos econ\u00f3micos del municipio, que ser\u00e1n ejercidos durante los pr\u00f3ximos meses de Octubre, Noviembre y Diciembre del presente a\u00f1o ya fueron presupuestados y comprometidos en su momento por el Gobierno Municipal saliente, raz\u00f3n por la cual, en lo que resta del presente a\u00f1o ser\u00e1 dif\u00edcil poder atender otras necesidades distintas a las ya programas y comprometidas por el Gobierno anterior, tal y como lo establece la ley vigente en la materia, sin embargo, habremos de hacer frente en el corto plazo a las demandas m\u00e1s urgentes de la poblaci\u00f3n, que no admiten espera\u201d.<br \/>\n\u201cMantendremos contacto personalmente con el pueblo, a trav\u00e9s de los organismos de participaci\u00f3n ciudadana, los cuales impulsaremos y fortaleceremos, as\u00ed como mediante nuestras frecuentes visitas a las comunidades. Estaremos atentos a las demandas populares y les daremos la atenci\u00f3n que proceda en la medida de nuestras posibilidades. Buscaremos los apoyos que est\u00e9n a nuestro alcance ante las dem\u00e1s instancias de Gobierno Estatal y Federal. Tenemos entendido que los programas de Asistencia Social en la pr\u00f3xima Administraci\u00f3n del Ejecutivo Federal, lejos de desaparecer, se ampliar\u00e1n y fortalecer\u00e1n en beneficio de los mas necesitados; estaremos muy atentos a ello; y estaremos muy cerca de las dependencias correspondientes para atender a los sectores mas marginados de nuestra sociedad\u201d.<br \/>\nLa alcaldesa agradeci\u00f3 a los invitados especiales, a los representantes de los organismos, a las dem\u00e1s autoridades y a todos los ciudadanos que le brindaron su confianza, en especial, a aquellos que tenazmente lucharon e incansablemente trabajaron para hacer posible que se lograra el triunfo.<\/p>\n","protected":false},"excerpt":{"rendered":"<p>Redacci\u00f3n.- En el acto de la toma de protesta llevado a cabo el primero de octubre, \u2013donde tambi\u00e9n sobresali\u00f3 el discurso de Juan Arturo Narv\u00e1ez Banda tanto como el de&#8230;<\/p>\n","protected":false},"author":1,"featured_media":0,"comment_status":"closed","ping_status":"open","sticky":false,"template":"","format":"standard","meta":{"footnotes":""},"categories":[463],"tags":[],"class_list":["post-4525","post","type-post","status-publish","format-standard","hentry","category-politica","entry","simple"],"_links":{"self":[{"href":"https:\/\/www.plurinominal.com.mx\/index.php?rest_route=\/wp\/v2\/posts\/4525","targetHints":{"allow":["GET"]}}],"collection":[{"href":"https:\/\/www.plurinominal.com.mx\/index.php?rest_route=\/wp\/v2\/posts"}],"about":[{"href":"https:\/\/www.plurinominal.com.mx\/index.php?rest_route=\/wp\/v2\/types\/post"}],"author":[{"embeddable":true,"href":"https:\/\/www.plurinominal.com.mx\/index.php?rest_route=\/wp\/v2\/users\/1"}],"replies":[{"embeddable":true,"href":"https:\/\/www.plurinominal.com.mx\/index.php?rest_route=%2Fwp%2Fv2%2Fcomments&post=4525"}],"version-history":[{"count":0,"href":"https:\/\/www.plurinominal.com.mx\/index.php?rest_route=\/wp\/v2\/posts\/4525\/revisions"}],"wp:attachment":[{"href":"https:\/\/www.plurinominal.com.mx\/index.php?rest_route=%2Fwp%2Fv2%2Fmedia&parent=4525"}],"wp:term":[{"taxonomy":"category","embeddable":true,"href":"https:\/\/www.plurinominal.com.mx\/index.php?rest_route=%2Fwp%2Fv2%2Fcategories&post=4525"},{"taxonomy":"post_tag","embeddable":true,"href":"https:\/\/www.plurinominal.com.mx\/index.php?rest_route=%2Fwp%2Fv2%2Ftags&post=4525"}],"curies":[{"name":"wp","href":"https:\/\/api.w.org\/{rel}","templated":true}]}}