{"id":458,"date":"2011-11-15T20:55:06","date_gmt":"2011-11-16T02:55:06","guid":{"rendered":"http:\/\/www.plurinominal.com.mx\/?p=458"},"modified":"2011-11-15T20:55:06","modified_gmt":"2011-11-16T02:55:06","slug":"%e2%80%9caqui-aceptamos-a-todos-pero-que-se-formen-porque-ya-hay-trabajo%e2%80%9d-quintero","status":"publish","type":"post","link":"https:\/\/www.plurinominal.com.mx\/?p=458","title":{"rendered":"\u201cAqu\u00ed aceptamos a todos, pero que se formen porque ya hay trabajo\u201d: Quintero"},"content":{"rendered":"<p><a href=\"https:\/\/www.plurinominal.com.mx\/wp-content\/uploads\/7-quintero.jpg\"><img loading=\"lazy\" decoding=\"async\" class=\"alignleft size-medium wp-image-459\" title=\"7 quintero\" src=\"https:\/\/www.plurinominal.com.mx\/wp-content\/uploads\/7-quintero-300x199.jpg\" alt=\"\" width=\"180\" height=\"119\" srcset=\"https:\/\/www.plurinominal.com.mx\/wp-content\/uploads\/7-quintero-300x199.jpg 300w, https:\/\/www.plurinominal.com.mx\/wp-content\/uploads\/7-quintero.jpg 425w\" sizes=\"auto, (max-width: 180px) 100vw, 180px\" \/><\/a>Marco Serna<br \/>\nEl Partido Revolucionario Institucional, est\u00e1 abierto para todo aqu\u00e9l que quiera corregir el rumbo, \u201caqu\u00ed aceptamos a todos, pero que se formen porque ya hay trabajo\u201d. Indic\u00f3 el ex candidato pri\u00edsta Jorge Quintero Lu\u00e9vano este jueves 10 de Noviembre.<br \/>\n\u201cCerritos necesita el desarrollo y el \u00fanico que se lo puede dar es nuestro instituto\u201d. Se\u00f1al\u00f3.<br \/>\nEl ahora L\u00edder de la Confederaci\u00f3n Nacional de Organizaciones Populares (CNOP), agradeci\u00f3 la presencia de Luis Federico Castillo, Leticia V\u00e1zquez, Antonio Castillo y representantes de la CNC durante el acto de la toma de protesta de la nueva dirigencia, puesto que \u00e9sta \u201csali\u00f3 gracias al trabajo de todos los sectores, lo que demuestra la participaci\u00f3n interna que existe\u201d.<br \/>\nEl Profesor expuso que al referirse a la \u201cunidad\u201d pri\u00edsta, los peri\u00f3dicos utilizan comillas, \u201cquiero pensar que es por resaltar la palabra y no porque se tenga duda de ello, la unidad est\u00e1 en Cerritos, y lo queremos hacer patente\u201d.<br \/>\nEl ex candidato municipal, a\u00f1adi\u00f3 \u201cno deseamos que nos vengan a imponer gente\u2026 Cerritos cuenta con la capacidad para elegir a su candidato, a sus representantes\u2026 es lo que pensamos todos los pri\u00edstas de Cerritos\u201d. Puntualiz\u00f3.<\/p>\n","protected":false},"excerpt":{"rendered":"<p>Marco Serna El Partido Revolucionario Institucional, est\u00e1 abierto para todo aqu\u00e9l que quiera corregir el rumbo, \u201caqu\u00ed aceptamos a todos, pero que se formen porque ya hay trabajo\u201d. Indic\u00f3 el&#8230;<\/p>\n","protected":false},"author":1,"featured_media":0,"comment_status":"closed","ping_status":"open","sticky":false,"template":"","format":"standard","meta":{"footnotes":""},"categories":[3],"tags":[262,52],"class_list":["post-458","post","type-post","status-publish","format-standard","hentry","category-cerritos","tag-jorge-quintero","tag-pri","entry","simple"],"_links":{"self":[{"href":"https:\/\/www.plurinominal.com.mx\/index.php?rest_route=\/wp\/v2\/posts\/458","targetHints":{"allow":["GET"]}}],"collection":[{"href":"https:\/\/www.plurinominal.com.mx\/index.php?rest_route=\/wp\/v2\/posts"}],"about":[{"href":"https:\/\/www.plurinominal.com.mx\/index.php?rest_route=\/wp\/v2\/types\/post"}],"author":[{"embeddable":true,"href":"https:\/\/www.plurinominal.com.mx\/index.php?rest_route=\/wp\/v2\/users\/1"}],"replies":[{"embeddable":true,"href":"https:\/\/www.plurinominal.com.mx\/index.php?rest_route=%2Fwp%2Fv2%2Fcomments&post=458"}],"version-history":[{"count":0,"href":"https:\/\/www.plurinominal.com.mx\/index.php?rest_route=\/wp\/v2\/posts\/458\/revisions"}],"wp:attachment":[{"href":"https:\/\/www.plurinominal.com.mx\/index.php?rest_route=%2Fwp%2Fv2%2Fmedia&parent=458"}],"wp:term":[{"taxonomy":"category","embeddable":true,"href":"https:\/\/www.plurinominal.com.mx\/index.php?rest_route=%2Fwp%2Fv2%2Fcategories&post=458"},{"taxonomy":"post_tag","embeddable":true,"href":"https:\/\/www.plurinominal.com.mx\/index.php?rest_route=%2Fwp%2Fv2%2Ftags&post=458"}],"curies":[{"name":"wp","href":"https:\/\/api.w.org\/{rel}","templated":true}]}}