{"id":4636,"date":"2012-10-09T17:49:51","date_gmt":"2012-10-09T22:49:51","guid":{"rendered":"http:\/\/www.plurinominal.com.mx\/?p=4636"},"modified":"2012-12-13T17:50:25","modified_gmt":"2012-12-13T23:50:25","slug":"proponen-contraloria-social-conformada-por-ciudadanos","status":"publish","type":"post","link":"https:\/\/www.plurinominal.com.mx\/?p=4636","title":{"rendered":"Proponen Contralor\u00eda Social conformada por ciudadanos"},"content":{"rendered":"<ul>\n<li>Ya no existe confianza en cuerpo edilicio<\/li>\n<\/ul>\n<p><em>Redacci\u00f3n, con datos de Francisco V. de la Cruz .-<\/em> Despu\u00e9s de los esc\u00e1ndalos suscitados por los anteriores regidores, ciudadanos aseguran haber perdido confianza en el cuerpo edilicio por lo que proponen la creaci\u00f3n de una Contralor\u00eda Social conformada por ciudadanos.<br \/>\nY es que se desconoce si los funcionarios logren transparentar datos que debe conocer el p\u00fablico en general.<br \/>\nLo anteriores ediles, dejaron un mal sabor de boca, debido a la p\u00e9sima actuaci\u00f3n observada en complicidad con Erasmo Galv\u00e1n Nieto y otros trabajadores municipales.<br \/>\nCon multas que ocasionaron embargos, un esc\u00e1ndalo con toneladas de cemento, incrementos de salario al doble, compensaciones extraordinarias y mega bonos disfrazados, \u2013que no se cobraron por haber dejado al municipio en bancarrota\u2013 se convirtieron en unos ediles despreciables.<br \/>\nSe ha mencionado a este medio la formaci\u00f3n de un organismo ciudadano cuyos integrantes se distingan por rectitud y honestidad suficientes como para deliberar contra aquellos cuyas decisiones afectan el patrimonio del H. Ayuntamiento, puesto que jam\u00e1s se ha visto que se castigue a un funcionario de un modo riguroso.<br \/>\nUn declarante, asegur\u00f3 que en todos los Cabildos ha existido corrupci\u00f3n, pero en el \u00faltimo fue mucho mayor, por eso intentan limitar a los regidores y presidente municipal para que no abusen de las arcas p\u00fablicas en conjunto con los dem\u00e1s funcionarios.<br \/>\nPor su parte, los regidores panistas, dif\u00edcilmente se opondr\u00e1n a las decisiones de la alcaldesa. De ellos se prometi\u00f3 \u201ctiempo completo\u201d.<br \/>\nUn regidor emanado de otro partido tiene un cargo en la ciudad de San Luis Potos\u00ed y solamente se presentar\u00e1 a las reuniones de Cabildo a levantar la mano y otros podr\u00edan actuar en favor al no ser molestados en sus negocios.<br \/>\nLos ciudadanos esperan que la Presidenta Municipal tambi\u00e9n tome conciencia de la importancia de los actos que se realizan en esa instituci\u00f3n y proponga a un grupo que influya en la toma de decisiones en favor de ciudadanos y no de partidos pol\u00edticos.<\/p>\n","protected":false},"excerpt":{"rendered":"<p>Ya no existe confianza en cuerpo edilicio Redacci\u00f3n, con datos de Francisco V. de la Cruz .- Despu\u00e9s de los esc\u00e1ndalos suscitados por los anteriores regidores, ciudadanos aseguran haber perdido&#8230;<\/p>\n","protected":false},"author":1,"featured_media":0,"comment_status":"closed","ping_status":"open","sticky":false,"template":"","format":"standard","meta":{"footnotes":""},"categories":[463],"tags":[],"class_list":["post-4636","post","type-post","status-publish","format-standard","hentry","category-politica","entry","simple"],"_links":{"self":[{"href":"https:\/\/www.plurinominal.com.mx\/index.php?rest_route=\/wp\/v2\/posts\/4636","targetHints":{"allow":["GET"]}}],"collection":[{"href":"https:\/\/www.plurinominal.com.mx\/index.php?rest_route=\/wp\/v2\/posts"}],"about":[{"href":"https:\/\/www.plurinominal.com.mx\/index.php?rest_route=\/wp\/v2\/types\/post"}],"author":[{"embeddable":true,"href":"https:\/\/www.plurinominal.com.mx\/index.php?rest_route=\/wp\/v2\/users\/1"}],"replies":[{"embeddable":true,"href":"https:\/\/www.plurinominal.com.mx\/index.php?rest_route=%2Fwp%2Fv2%2Fcomments&post=4636"}],"version-history":[{"count":0,"href":"https:\/\/www.plurinominal.com.mx\/index.php?rest_route=\/wp\/v2\/posts\/4636\/revisions"}],"wp:attachment":[{"href":"https:\/\/www.plurinominal.com.mx\/index.php?rest_route=%2Fwp%2Fv2%2Fmedia&parent=4636"}],"wp:term":[{"taxonomy":"category","embeddable":true,"href":"https:\/\/www.plurinominal.com.mx\/index.php?rest_route=%2Fwp%2Fv2%2Fcategories&post=4636"},{"taxonomy":"post_tag","embeddable":true,"href":"https:\/\/www.plurinominal.com.mx\/index.php?rest_route=%2Fwp%2Fv2%2Ftags&post=4636"}],"curies":[{"name":"wp","href":"https:\/\/api.w.org\/{rel}","templated":true}]}}