{"id":4642,"date":"2012-10-12T17:54:13","date_gmt":"2012-10-12T22:54:13","guid":{"rendered":"http:\/\/www.plurinominal.com.mx\/?p=4642"},"modified":"2012-12-13T17:55:03","modified_gmt":"2012-12-13T23:55:03","slug":"fraccionamiento-jardines-de-la-unidad-tendra-nuevo-espacio-recreativo","status":"publish","type":"post","link":"https:\/\/www.plurinominal.com.mx\/?p=4642","title":{"rendered":"Fraccionamiento Jardines de la Unidad tendr\u00e1 nuevo espacio recreativo"},"content":{"rendered":"<figure id=\"attachment_4643\" aria-describedby=\"caption-attachment-4643\" style=\"width: 189px\" class=\"wp-caption alignright\"><a href=\"https:\/\/www.plurinominal.com.mx\/wp-content\/uploads\/10-espacio.jpg\"><img loading=\"lazy\" decoding=\"async\" class=\"size-full wp-image-4643\" title=\"10 espacio\" src=\"https:\/\/www.plurinominal.com.mx\/wp-content\/uploads\/10-espacio.jpg\" alt=\"\" width=\"189\" height=\"142\" \/><\/a><figcaption id=\"caption-attachment-4643\" class=\"wp-caption-text\">Los vecinos decidieron unirse y trabajar.<\/figcaption><\/figure>\n<p><em>Rom\u00e1n G.- <\/em>Gracias al esfuerzo en conjunto, en el fraccionamiento Jardines de la Unidad comenzaron los trabajos de construcci\u00f3n de lo que ser\u00e1 un nuevo mini centro recreativo a ubicarse en la entrada del lugar.<br \/>\nDicho proyecto est\u00e1 a cargo de una comitiva que ya cuenta con esa planificaci\u00f3n desde a\u00f1os atr\u00e1s.<br \/>\nSe intenta favorecer a decenas de ni\u00f1os del fraccionamiento, que carecen de un espacio digno para la pr\u00e1ctica de actividades recreativas.<br \/>\nEn esta primera etapa, los trabajos consisten en la construcci\u00f3n del sector de banqueta y bardeado perimetral donde se proyecta colocar juegos infantiles y \u00e1reas verdes para el uso p\u00fablico.<br \/>\nEsta labor se espera sea apoyada por las autoridades entrantes a las que pr\u00f3ximamente se les har\u00e1 de su conocimiento el proyecto en cuesti\u00f3n.<br \/>\nLos trabajos han avanzado y podr\u00edan concluir en poco tiempo.<\/p>\n","protected":false},"excerpt":{"rendered":"<p>Rom\u00e1n G.- Gracias al esfuerzo en conjunto, en el fraccionamiento Jardines de la Unidad comenzaron los trabajos de construcci\u00f3n de lo que ser\u00e1 un nuevo mini centro recreativo a ubicarse&#8230;<\/p>\n","protected":false},"author":1,"featured_media":0,"comment_status":"closed","ping_status":"open","sticky":false,"template":"","format":"standard","meta":{"footnotes":""},"categories":[3],"tags":[],"class_list":["post-4642","post","type-post","status-publish","format-standard","hentry","category-cerritos","entry","simple"],"_links":{"self":[{"href":"https:\/\/www.plurinominal.com.mx\/index.php?rest_route=\/wp\/v2\/posts\/4642","targetHints":{"allow":["GET"]}}],"collection":[{"href":"https:\/\/www.plurinominal.com.mx\/index.php?rest_route=\/wp\/v2\/posts"}],"about":[{"href":"https:\/\/www.plurinominal.com.mx\/index.php?rest_route=\/wp\/v2\/types\/post"}],"author":[{"embeddable":true,"href":"https:\/\/www.plurinominal.com.mx\/index.php?rest_route=\/wp\/v2\/users\/1"}],"replies":[{"embeddable":true,"href":"https:\/\/www.plurinominal.com.mx\/index.php?rest_route=%2Fwp%2Fv2%2Fcomments&post=4642"}],"version-history":[{"count":0,"href":"https:\/\/www.plurinominal.com.mx\/index.php?rest_route=\/wp\/v2\/posts\/4642\/revisions"}],"wp:attachment":[{"href":"https:\/\/www.plurinominal.com.mx\/index.php?rest_route=%2Fwp%2Fv2%2Fmedia&parent=4642"}],"wp:term":[{"taxonomy":"category","embeddable":true,"href":"https:\/\/www.plurinominal.com.mx\/index.php?rest_route=%2Fwp%2Fv2%2Fcategories&post=4642"},{"taxonomy":"post_tag","embeddable":true,"href":"https:\/\/www.plurinominal.com.mx\/index.php?rest_route=%2Fwp%2Fv2%2Ftags&post=4642"}],"curies":[{"name":"wp","href":"https:\/\/api.w.org\/{rel}","templated":true}]}}