{"id":4654,"date":"2012-10-14T18:11:07","date_gmt":"2012-10-14T23:11:07","guid":{"rendered":"http:\/\/www.plurinominal.com.mx\/?p=4654"},"modified":"2012-12-13T18:12:45","modified_gmt":"2012-12-14T00:12:45","slug":"poda-de-arboles-y-mantenimiento-a-calles-intransitables-de-las-primeras-acciones-del-gobierno","status":"publish","type":"post","link":"https:\/\/www.plurinominal.com.mx\/?p=4654","title":{"rendered":"Poda de \u00e1rboles y mantenimiento a calles \u201cintransitables\u201d, de las primeras acciones del gobierno"},"content":{"rendered":"<ul>\n<li>Arterias funcionales gracias a los trabajos<\/li>\n<\/ul>\n<figure id=\"attachment_4655\" aria-describedby=\"caption-attachment-4655\" style=\"width: 170px\" class=\"wp-caption alignright\"><a href=\"https:\/\/www.plurinominal.com.mx\/wp-content\/uploads\/A092048.jpg\"><img loading=\"lazy\" decoding=\"async\" class=\"size-full wp-image-4655\" title=\"OLYMPUS DIGITAL CAMERA\" src=\"https:\/\/www.plurinominal.com.mx\/wp-content\/uploads\/A092048.jpg\" alt=\"\" width=\"170\" height=\"128\" \/><\/a><figcaption id=\"caption-attachment-4655\" class=\"wp-caption-text\">Se nota mejor aspecto sobre algunas calles.<\/figcaption><\/figure>\n<p><em>Francisco V.-<\/em> Integrantes de la nueva administraci\u00f3n municipal iniciaron labores en sectores que tiempo atr\u00e1s fueron descuidados.<br \/>\nSe dejaron ver cuadrillas atendiendo y limpiando los camellones, as\u00ed como podando \u00e1rboles en algunas calles, aunque muchos se perdieron por la falta de riego. Para esto al gobierno de Galv\u00e1n Nieto no importaron las s\u00faplicas de paisanos que incluso implementaron todo un programa de reforestaci\u00f3n que acab\u00f3 en tiempo y esfuerzo perdidos.<br \/>\nAhora, los panistas tambi\u00e9n ordenaron el relleno de baches que imped\u00edan el tr\u00e1nsito vehicular, tal es el caso de una zona adyacente a la estaci\u00f3n, acto que fue aplaudido por los conductores de veh\u00edculos.<br \/>\nSe ignora porque habiendo cemento de sobra, el anterior gobierno no se dio tiempo para esta tarea.<br \/>\nAlgunas calles, que se consideraban intransitables como la Honorato Castillo \u2013entre Mart\u00edn de Turrubiartes y Marcos Vives\u2013 fue \u201ctallada\u201d con maquinaria para rellenar los baches. Esta arteria es una de las m\u00e1s utilizadas por padres de familia, as\u00ed como alumnos de la escuela primaria \u201cRafael Nieto\u201d y otras instituciones educativas del sector.<br \/>\nEsa misma acci\u00f3n se realiz\u00f3 con la calle que desemboca hacia la presa Marcos Vives y que conduce a la colonia las Palmas, en el barrio de San Juan, as\u00ed como la calle Francisco Sarabia de ese mismo lugar.<br \/>\nLas arterias ahora est\u00e1n funcionales gracias a los trabajos realizados.<\/p>\n","protected":false},"excerpt":{"rendered":"<p>Arterias funcionales gracias a los trabajos Francisco V.- Integrantes de la nueva administraci\u00f3n municipal iniciaron labores en sectores que tiempo atr\u00e1s fueron descuidados. Se dejaron ver cuadrillas atendiendo y limpiando&#8230;<\/p>\n","protected":false},"author":1,"featured_media":0,"comment_status":"closed","ping_status":"open","sticky":false,"template":"","format":"standard","meta":{"footnotes":""},"categories":[3],"tags":[],"class_list":["post-4654","post","type-post","status-publish","format-standard","hentry","category-cerritos","entry","simple"],"_links":{"self":[{"href":"https:\/\/www.plurinominal.com.mx\/index.php?rest_route=\/wp\/v2\/posts\/4654","targetHints":{"allow":["GET"]}}],"collection":[{"href":"https:\/\/www.plurinominal.com.mx\/index.php?rest_route=\/wp\/v2\/posts"}],"about":[{"href":"https:\/\/www.plurinominal.com.mx\/index.php?rest_route=\/wp\/v2\/types\/post"}],"author":[{"embeddable":true,"href":"https:\/\/www.plurinominal.com.mx\/index.php?rest_route=\/wp\/v2\/users\/1"}],"replies":[{"embeddable":true,"href":"https:\/\/www.plurinominal.com.mx\/index.php?rest_route=%2Fwp%2Fv2%2Fcomments&post=4654"}],"version-history":[{"count":0,"href":"https:\/\/www.plurinominal.com.mx\/index.php?rest_route=\/wp\/v2\/posts\/4654\/revisions"}],"wp:attachment":[{"href":"https:\/\/www.plurinominal.com.mx\/index.php?rest_route=%2Fwp%2Fv2%2Fmedia&parent=4654"}],"wp:term":[{"taxonomy":"category","embeddable":true,"href":"https:\/\/www.plurinominal.com.mx\/index.php?rest_route=%2Fwp%2Fv2%2Fcategories&post=4654"},{"taxonomy":"post_tag","embeddable":true,"href":"https:\/\/www.plurinominal.com.mx\/index.php?rest_route=%2Fwp%2Fv2%2Ftags&post=4654"}],"curies":[{"name":"wp","href":"https:\/\/api.w.org\/{rel}","templated":true}]}}