{"id":4671,"date":"2012-10-16T18:29:46","date_gmt":"2012-10-16T23:29:46","guid":{"rendered":"http:\/\/www.plurinominal.com.mx\/?p=4671"},"modified":"2012-12-13T18:30:13","modified_gmt":"2012-12-14T00:30:13","slug":"alumnas-de-belleza-tachan-de-prepotente-a-empleada-del-dif","status":"publish","type":"post","link":"https:\/\/www.plurinominal.com.mx\/?p=4671","title":{"rendered":"Alumnas de belleza tachan de prepotente a empleada del DIF"},"content":{"rendered":"<p><em>Francisco Valero de la Cruz.-<\/em> Grupo de mujeres que acude ordinariamente al DIF Municipal a clases de belleza, tildaron de prepotente a empleada de ese lugar.<br \/>\nRelataron que desde hace tiempo son alumnas, pero nunca hab\u00edan observado una situaci\u00f3n tan bochornosa como la ocurrida hace unos d\u00edas.<br \/>\nEstaban en clases. De repente entr\u00f3 una persona delgada del sexo femenino y sin saludar a los presentes, increp\u00f3 a la asesora del grupo.<br \/>\nLe dijo que \u201cse prohib\u00eda tirar basura\u201d. La maestra intent\u00f3 defenderse, pero la empleada no le dio oportunidad, pues inmediatamente la ataj\u00f3 dici\u00e9ndole: \u201cYo nada m\u00e1s te digo\u201d, utilizando un tono seco y dominador.<br \/>\nCon ese desplante las alumnas intuyeron que la empleada \u201cse cree due\u00f1a del edificio\u201d.<br \/>\nLas asistentes reconocieron que una ni\u00f1a andaba comiendo ca\u00f1a y dej\u00f3 dos gabazos tirados, lo que gener\u00f3 la inconformidad.<br \/>\nAun as\u00ed, la mujer mostr\u00f3 un car\u00e1cter intolerante ante una situaci\u00f3n llevada a cabo por un menor de edad.<br \/>\nDespu\u00e9s del acto bochornoso, la mayor\u00eda se cuestiona cu\u00e1l es el cargo que ostenta esa mujer.<br \/>\nA trav\u00e9s del presente medio, solicitan un trato m\u00e1s humano y y respetuoso hacia el p\u00fablico en general.<\/p>\n","protected":false},"excerpt":{"rendered":"<p>Francisco Valero de la Cruz.- Grupo de mujeres que acude ordinariamente al DIF Municipal a clases de belleza, tildaron de prepotente a empleada de ese lugar. Relataron que desde hace&#8230;<\/p>\n","protected":false},"author":1,"featured_media":0,"comment_status":"closed","ping_status":"open","sticky":false,"template":"","format":"standard","meta":{"footnotes":""},"categories":[3],"tags":[],"class_list":["post-4671","post","type-post","status-publish","format-standard","hentry","category-cerritos","entry","simple"],"_links":{"self":[{"href":"https:\/\/www.plurinominal.com.mx\/index.php?rest_route=\/wp\/v2\/posts\/4671","targetHints":{"allow":["GET"]}}],"collection":[{"href":"https:\/\/www.plurinominal.com.mx\/index.php?rest_route=\/wp\/v2\/posts"}],"about":[{"href":"https:\/\/www.plurinominal.com.mx\/index.php?rest_route=\/wp\/v2\/types\/post"}],"author":[{"embeddable":true,"href":"https:\/\/www.plurinominal.com.mx\/index.php?rest_route=\/wp\/v2\/users\/1"}],"replies":[{"embeddable":true,"href":"https:\/\/www.plurinominal.com.mx\/index.php?rest_route=%2Fwp%2Fv2%2Fcomments&post=4671"}],"version-history":[{"count":0,"href":"https:\/\/www.plurinominal.com.mx\/index.php?rest_route=\/wp\/v2\/posts\/4671\/revisions"}],"wp:attachment":[{"href":"https:\/\/www.plurinominal.com.mx\/index.php?rest_route=%2Fwp%2Fv2%2Fmedia&parent=4671"}],"wp:term":[{"taxonomy":"category","embeddable":true,"href":"https:\/\/www.plurinominal.com.mx\/index.php?rest_route=%2Fwp%2Fv2%2Fcategories&post=4671"},{"taxonomy":"post_tag","embeddable":true,"href":"https:\/\/www.plurinominal.com.mx\/index.php?rest_route=%2Fwp%2Fv2%2Ftags&post=4671"}],"curies":[{"name":"wp","href":"https:\/\/api.w.org\/{rel}","templated":true}]}}