{"id":470,"date":"2011-11-16T09:42:58","date_gmt":"2011-11-16T15:42:58","guid":{"rendered":"http:\/\/www.plurinominal.com.mx\/?p=470"},"modified":"2011-11-16T09:42:58","modified_gmt":"2011-11-16T15:42:58","slug":"imagen-de-jose-gutierrez-junto-a-orozco-reyes-%e2%80%9cgenera-confusion%e2%80%9d","status":"publish","type":"post","link":"https:\/\/www.plurinominal.com.mx\/?p=470","title":{"rendered":"Imagen de Jos\u00e9 Guti\u00e9rrez junto a Orozco Reyes, \u201cgenera confusi\u00f3n\u201d"},"content":{"rendered":"<p>Aun no se liman las asperezas, explican<\/p>\n<p>Marco Serna<br \/>\nLa imagen de Jos\u00e9 Guti\u00e9rrez junto a Aurelia Orozco que se observa en las instalaciones del Comit\u00e9 Directivo Municipal del PAN, gener\u00f3 inconformidad entre integrantes de una corriente interna de ese instituto pol\u00edtico.<br \/>\nUn miembro activo \u2014que solicit\u00f3 no se revelaran sus generales\u2014 asegur\u00f3 que el ex candidato se mostr\u00f3 sorprendido al saber de la fotograf\u00eda. \u201cFue montada\u201d. Indica.<br \/>\n\u201cCreemos que el grupo de Aurelia Orozco intenta crear confusi\u00f3n o desvirtuar la imagen que se public\u00f3, dando muestras de la unidad panista que ha logrado Gregorio Carbajal\u201d, indic\u00f3 el declarante.<br \/>\n\u201cSon estrategias que vemos de mala fe, porque hay gente despierta que no muerde el anzuelo, pero otros s\u00ed pueden confundirse\u201d.<br \/>\nExplic\u00f3 que es il\u00f3gico que se hayan limado asperezas cuando en julio de 2006 \u201cse promovi\u00f3 el voto en contra de Guti\u00e9rrez\u201d.<br \/>\nComo se recordar\u00e1, el ex candidato panista Guti\u00e9rrez Az\u00faa el 12 de julio de 2006 (ver Plurinominal n\u00famero 9 p\u00e1gina 4), en reuni\u00f3n informativa acus\u00f3 en aqu\u00e9l entonces de traicioneros a Eladio Cerda, Migdalia Mart\u00ednez Gallegos, Rub\u00e9n Gonz\u00e1lez, Gerardo Galv\u00e1n, Arturo Narv\u00e1ez, Manuel Olavide y la hoy ex presidenta Aurelia Orozco de promocionar el voto en su contra.<br \/>\nAhora se asegura que muchos de ellos promueven la candidatura del notario, por eso el disgusto de Guti\u00e9rrez Az\u00faa al saber de la gr\u00e1fica que parece indicar \u201cque todo est\u00e1 olvidado\u201d.<br \/>\nEn 2006, Jos\u00e9 Guti\u00e9rrez acus\u00f3 a los propietarios de la \u201cMuebler\u00eda Gonz\u00e1lez\u201d de \u201cpatrocinar bicicletas si se votaba en su contra\u201d.<br \/>\nA pocos d\u00edas de la elecci\u00f3n perdida, Guti\u00e9rrez Az\u00faa manifest\u00f3 ante su grupo de seguidores que \u201clos mismos panistas cooperaron para dar cobijas, despensas, dinero y bicicletas\u201d (si se apoyaba a Mart\u00ednez Sifuentes) y el propio ex candidato se\u00f1al\u00f3 que \u201cun grupo interno de Acci\u00f3n Nacional entreg\u00f3 el ayuntamiento a la oposici\u00f3n con su voto\u201d.<br \/>\nEn esa junta se cuestion\u00f3 la inasistencia de Orozco Reyes, de regidores y funcionarios emanados del blanquiazul, as\u00ed como de algunos miembros activos que estuvieron en desacuerdo con la candidatura de Guti\u00e9rrez.<br \/>\nPero fue precisamente a la ex alcaldesa a quien acusaron de \u201calta traici\u00f3n\u201d por haber votado en la elecci\u00f3n interna del Revolucionario Institucional, a pesar de que Florencio Gonz\u00e1lez \u2014su esposo\u2014 hab\u00eda explicado que todo se debi\u00f3 a \u201cuna estrategia para apoyar al candidato m\u00e1s d\u00e9bil para que al llegar los comicios del 2 de julio, fuera m\u00e1s suave el enfrentamiento en las urnas y hubiese m\u00e1s posibilidades de obtener el triunfo\u201d.<br \/>\nA pesar de la justificaci\u00f3n, la multitud enardecida no toler\u00f3 los \u201csupuestos actos de deslealtad\u201d.<br \/>\nPero en esa junta, la entonces reportera de Plurinominal \u201cBertha Escalante\u201d \u2014que despu\u00e9s de haber ocupado cargos en el peri\u00f3dico Pulso, ahora trabaja para el diario El Sol de San Luis\u2014 tambi\u00e9n \u201crecibi\u00f3 su parte\u201d al salir del lugar.<br \/>\nQuien fung\u00eda como secretaria del partido, \u2014Rosy Az\u00faa\u2014 la acus\u00f3 de ser una esp\u00eda de Aurelia Orozco.<\/p>\n","protected":false},"excerpt":{"rendered":"<p>Aun no se liman las asperezas, explican Marco Serna La imagen de Jos\u00e9 Guti\u00e9rrez junto a Aurelia Orozco que se observa en las instalaciones del Comit\u00e9 Directivo Municipal del PAN,&#8230;<\/p>\n","protected":false},"author":1,"featured_media":0,"comment_status":"closed","ping_status":"open","sticky":false,"template":"","format":"standard","meta":{"footnotes":""},"categories":[3],"tags":[35,271,266,269,265,270,267,268],"class_list":["post-470","post","type-post","status-publish","format-standard","hentry","category-cerritos","tag-arturo-narvaez","tag-aurelia-orozco","tag-eladio-cerda","tag-gerardo-galvan","tag-jose-gutierrez","tag-manuel-olavide","tag-migdalia-martinez-gallegos","tag-ruben-gonzalez","entry","simple"],"_links":{"self":[{"href":"https:\/\/www.plurinominal.com.mx\/index.php?rest_route=\/wp\/v2\/posts\/470","targetHints":{"allow":["GET"]}}],"collection":[{"href":"https:\/\/www.plurinominal.com.mx\/index.php?rest_route=\/wp\/v2\/posts"}],"about":[{"href":"https:\/\/www.plurinominal.com.mx\/index.php?rest_route=\/wp\/v2\/types\/post"}],"author":[{"embeddable":true,"href":"https:\/\/www.plurinominal.com.mx\/index.php?rest_route=\/wp\/v2\/users\/1"}],"replies":[{"embeddable":true,"href":"https:\/\/www.plurinominal.com.mx\/index.php?rest_route=%2Fwp%2Fv2%2Fcomments&post=470"}],"version-history":[{"count":0,"href":"https:\/\/www.plurinominal.com.mx\/index.php?rest_route=\/wp\/v2\/posts\/470\/revisions"}],"wp:attachment":[{"href":"https:\/\/www.plurinominal.com.mx\/index.php?rest_route=%2Fwp%2Fv2%2Fmedia&parent=470"}],"wp:term":[{"taxonomy":"category","embeddable":true,"href":"https:\/\/www.plurinominal.com.mx\/index.php?rest_route=%2Fwp%2Fv2%2Fcategories&post=470"},{"taxonomy":"post_tag","embeddable":true,"href":"https:\/\/www.plurinominal.com.mx\/index.php?rest_route=%2Fwp%2Fv2%2Ftags&post=470"}],"curies":[{"name":"wp","href":"https:\/\/api.w.org\/{rel}","templated":true}]}}