{"id":4716,"date":"2012-10-21T11:44:47","date_gmt":"2012-10-21T16:44:47","guid":{"rendered":"http:\/\/www.plurinominal.com.mx\/?p=4716"},"modified":"2012-12-20T11:46:27","modified_gmt":"2012-12-20T17:46:27","slug":"genero-inconformidad-entre-panistas-por-la-asignacion-de-cargos","status":"publish","type":"post","link":"https:\/\/www.plurinominal.com.mx\/?p=4716","title":{"rendered":"Gener\u00f3 inconformidad entre panistas la asignaci\u00f3n de cargos"},"content":{"rendered":"<p><em>Francisco Valero de la Cruz.-<\/em> Sigue la inconformidad entre militantes y adherentes del Partido Acci\u00f3n Nacional, debido a la asignaci\u00f3n de cargos que beneficia s\u00f3lo a algunas familias.<br \/>\nLos inconformes externaron, que la influencia de ciertos actores pol\u00edticos panistas predomin\u00f3 en la selecci\u00f3n.<br \/>\nAs\u00ed es como se generaron las cr\u00edticas internas de esa corriente, al ver en puestos principales a quienes lo mismo hicieron durante pasadas administraciones o a familiares de los mismos.<br \/>\n\u201cUnos duraron hasta nueve a\u00f1os en la Presidencia\u201d, indic\u00f3 un manifestante.<br \/>\n\u201cEso no era lo que busc\u00e1bamos\u201d, dijo otro en tono de enfado.<br \/>\nDeclar\u00f3 el inconforme, que las autoridades que llegaron al poder, lo hicieron igual que Erasmo Galv\u00e1n, beneficiando s\u00f3lo a unos cuantos, \u201cgracias al atole con el dedo que dieron a los votantes\u201d.<br \/>\n\u201cEn la siguiente elecci\u00f3n, que recurran al apoyo de esas familias que alivianaron\u201d, mencion\u00f3 el ciudadano.<br \/>\nTom\u00f3 como ejemplo a una familia que tiene varios miembros dentro del ayuntamiento. Una mujer est\u00e1 en la UBR, otro en el pante\u00f3n municipal y uno m\u00e1s en el taller del ayuntamiento.<br \/>\n\u201cAs\u00ed como lo anterior existen otras, como la familia que tiene a su yerno en el departamento de compras y a un hijo en otra oficina, y m\u00e1s que tambi\u00e9n ya estuvieron en pasadas administraciones municipales\u201d, extern\u00f3.<br \/>\nPor otro lado, record\u00f3 que un miembro muy antiguo de Acci\u00f3n Nacional que tiene por oficio la alba\u00f1iler\u00eda, en varias ocasiones ha ido a solicitar empleo.<br \/>\nAunque solamente sobrevive recolectando envases de pl\u00e1stico por las calles, no han tomado en cuenta su simpat\u00eda por el partido.<br \/>\nCon eso, dijo que la administraci\u00f3n municipal no es muy distinta a las anteriores, donde \u00fanicamente los favoritos son convertidos en empleados municipales.<br \/>\nDel personal del PT, un trabajador escuch\u00f3 decir, \u201cque s\u00f3lo se quedar\u00edan los que ten\u00edan vara alta\u201d.<\/p>\n","protected":false},"excerpt":{"rendered":"<p>Francisco Valero de la Cruz.- Sigue la inconformidad entre militantes y adherentes del Partido Acci\u00f3n Nacional, debido a la asignaci\u00f3n de cargos que beneficia s\u00f3lo a algunas familias. Los inconformes&#8230;<\/p>\n","protected":false},"author":1,"featured_media":0,"comment_status":"closed","ping_status":"open","sticky":false,"template":"","format":"standard","meta":{"footnotes":""},"categories":[463],"tags":[],"class_list":["post-4716","post","type-post","status-publish","format-standard","hentry","category-politica","entry","simple"],"_links":{"self":[{"href":"https:\/\/www.plurinominal.com.mx\/index.php?rest_route=\/wp\/v2\/posts\/4716","targetHints":{"allow":["GET"]}}],"collection":[{"href":"https:\/\/www.plurinominal.com.mx\/index.php?rest_route=\/wp\/v2\/posts"}],"about":[{"href":"https:\/\/www.plurinominal.com.mx\/index.php?rest_route=\/wp\/v2\/types\/post"}],"author":[{"embeddable":true,"href":"https:\/\/www.plurinominal.com.mx\/index.php?rest_route=\/wp\/v2\/users\/1"}],"replies":[{"embeddable":true,"href":"https:\/\/www.plurinominal.com.mx\/index.php?rest_route=%2Fwp%2Fv2%2Fcomments&post=4716"}],"version-history":[{"count":0,"href":"https:\/\/www.plurinominal.com.mx\/index.php?rest_route=\/wp\/v2\/posts\/4716\/revisions"}],"wp:attachment":[{"href":"https:\/\/www.plurinominal.com.mx\/index.php?rest_route=%2Fwp%2Fv2%2Fmedia&parent=4716"}],"wp:term":[{"taxonomy":"category","embeddable":true,"href":"https:\/\/www.plurinominal.com.mx\/index.php?rest_route=%2Fwp%2Fv2%2Fcategories&post=4716"},{"taxonomy":"post_tag","embeddable":true,"href":"https:\/\/www.plurinominal.com.mx\/index.php?rest_route=%2Fwp%2Fv2%2Ftags&post=4716"}],"curies":[{"name":"wp","href":"https:\/\/api.w.org\/{rel}","templated":true}]}}