{"id":4720,"date":"2012-10-22T11:49:47","date_gmt":"2012-10-22T16:49:47","guid":{"rendered":"http:\/\/www.plurinominal.com.mx\/?p=4720"},"modified":"2012-12-20T11:51:43","modified_gmt":"2012-12-20T17:51:43","slug":"biblioteca-inicio-talleres-de-lectura-para-adultos-mayores","status":"publish","type":"post","link":"https:\/\/www.plurinominal.com.mx\/?p=4720","title":{"rendered":"Biblioteca inici\u00f3 talleres de lectura para adultos mayores"},"content":{"rendered":"<figure id=\"attachment_4721\" aria-describedby=\"caption-attachment-4721\" style=\"width: 189px\" class=\"wp-caption alignright\"><a href=\"https:\/\/www.plurinominal.com.mx\/wp-content\/uploads\/lectura.jpg\"><img loading=\"lazy\" decoding=\"async\" class=\"size-full wp-image-4721\" title=\"lectura\" src=\"https:\/\/www.plurinominal.com.mx\/wp-content\/uploads\/lectura.jpg\" alt=\"\" width=\"189\" height=\"127\" \/><\/a><figcaption id=\"caption-attachment-4721\" class=\"wp-caption-text\">Intentan incrementar el h\u00e1bito de la lectura al tiempo que se convive con los adultos.<\/figcaption><\/figure>\n<p><em>Rom\u00e1n G.-<\/em> La Biblioteca P\u00fablica Municipal, V\u00edctor Guerrero Flores, a trav\u00e9s de su encargada, la T\u00e9cnico en Inform\u00e1tica Gissel Torres Rosales, oficialmente dio apertura a partir de la semana pasada con los nuevos talleres de lectura para adultos mayores.<br \/>\nCon este programa se intenta incrementar el h\u00e1bito, as\u00ed como la convivencia con las personas de la tercera edad.<br \/>\nFue el Asilo de ancianos San Jorge el elegido para la apertura de la actividad que durar\u00e1 los 3 a\u00f1os de la administraci\u00f3n p\u00fablica 2012-2015.<br \/>\nAnte los hu\u00e9spedes, la bibliotecaria llev\u00f3 a cabo la lectura de libros con contenido reflexivo que impulsan a sus lectores y escuchantes a la superaci\u00f3n personal y motivaci\u00f3n para afrontar cierta problem\u00e1tica.<br \/>\nSe indic\u00f3 que tambi\u00e9n se planea extender las actividades hacia instituciones educativas, dado que los libros comienzan a ser reemplazados por nuevas tecnolog\u00edas, aunque \u00e9stas no dejan de tener la mayor\u00eda de su contenido por escrito.<br \/>\nEn la biblioteca, se estar\u00e1n lanzando convocatorias en habilidades de Dibujo y Lectura para ni\u00f1os y j\u00f3venes cerritenses.<\/p>\n","protected":false},"excerpt":{"rendered":"<p>Rom\u00e1n G.- La Biblioteca P\u00fablica Municipal, V\u00edctor Guerrero Flores, a trav\u00e9s de su encargada, la T\u00e9cnico en Inform\u00e1tica Gissel Torres Rosales, oficialmente dio apertura a partir de la semana pasada&#8230;<\/p>\n","protected":false},"author":1,"featured_media":0,"comment_status":"closed","ping_status":"open","sticky":false,"template":"","format":"standard","meta":{"footnotes":""},"categories":[3],"tags":[],"class_list":["post-4720","post","type-post","status-publish","format-standard","hentry","category-cerritos","entry","simple"],"_links":{"self":[{"href":"https:\/\/www.plurinominal.com.mx\/index.php?rest_route=\/wp\/v2\/posts\/4720","targetHints":{"allow":["GET"]}}],"collection":[{"href":"https:\/\/www.plurinominal.com.mx\/index.php?rest_route=\/wp\/v2\/posts"}],"about":[{"href":"https:\/\/www.plurinominal.com.mx\/index.php?rest_route=\/wp\/v2\/types\/post"}],"author":[{"embeddable":true,"href":"https:\/\/www.plurinominal.com.mx\/index.php?rest_route=\/wp\/v2\/users\/1"}],"replies":[{"embeddable":true,"href":"https:\/\/www.plurinominal.com.mx\/index.php?rest_route=%2Fwp%2Fv2%2Fcomments&post=4720"}],"version-history":[{"count":0,"href":"https:\/\/www.plurinominal.com.mx\/index.php?rest_route=\/wp\/v2\/posts\/4720\/revisions"}],"wp:attachment":[{"href":"https:\/\/www.plurinominal.com.mx\/index.php?rest_route=%2Fwp%2Fv2%2Fmedia&parent=4720"}],"wp:term":[{"taxonomy":"category","embeddable":true,"href":"https:\/\/www.plurinominal.com.mx\/index.php?rest_route=%2Fwp%2Fv2%2Fcategories&post=4720"},{"taxonomy":"post_tag","embeddable":true,"href":"https:\/\/www.plurinominal.com.mx\/index.php?rest_route=%2Fwp%2Fv2%2Ftags&post=4720"}],"curies":[{"name":"wp","href":"https:\/\/api.w.org\/{rel}","templated":true}]}}