{"id":4723,"date":"2012-10-25T12:00:00","date_gmt":"2012-10-25T17:00:00","guid":{"rendered":"http:\/\/www.plurinominal.com.mx\/?p=4723"},"modified":"2012-12-20T12:00:27","modified_gmt":"2012-12-20T18:00:27","slug":"encontraron-una-administracion-en-completo-desastre-y-abandono-explican-panistas","status":"publish","type":"post","link":"https:\/\/www.plurinominal.com.mx\/?p=4723","title":{"rendered":"Encontraron una administraci\u00f3n \u201cen completo desastre y abandono\u201d, explican panistas"},"content":{"rendered":"<p><em>Francisco V.-<\/em> Funcionarios del Ayuntamiento comentaron a Plurinominal que a su llegada lo que encontraron fue un grave desastre y abandono de los edificios y equipo con que cuenta el municipio.<br \/>\nEl Director de Obras P\u00fablicas, Federico Nava, detall\u00f3 que los edificios que albergan al ayuntamiento se encuentran en p\u00e9simas condiciones, \u201cpor falta de mantenimiento\u201d.<br \/>\nEntre las construcciones se cuenta el mismo edificio que alberga la Presidencia Municipal, DIF, Centro de Reclusi\u00f3n Distrital (CEREDI), la Biblioteca Municipal y el Mercado.<br \/>\nLos edificios en su mayor\u00eda presentan graves fallas en plomer\u00eda. En algunos casos los ba\u00f1os estaban \u201ctotalmente inservibles\u201d, expres\u00f3.<br \/>\nDijo que la tarea de reparaci\u00f3n se llev\u00f3 a cabo en unos cuantos d\u00edas, con el apoyo de un s\u00f3lo plomero que inici\u00f3 las reparaciones.<br \/>\nTambi\u00e9n el parque de maquinaria se encontraba en p\u00e9simas condiciones.<br \/>\nEl vibro compactador no se pudo utilizar en las calles que fueron talladas, debido a que durante la pasada administraci\u00f3n le robaron la transmisi\u00f3n.<br \/>\nSe inform\u00f3 que toda la maquinaria fue encontrada con fallas, solamente trabajaba la motoconformadora y una retroexcavadora, as\u00ed como dos camiones de volteo.<br \/>\nDos cargadores frontales D8 y D5 se encontraban descompuestos.<br \/>\nPor ahora, el profesionista revel\u00f3 que se est\u00e1 levantando un inventario de todo el equipo da\u00f1ado, pues \u201clas camionetas tambi\u00e9n presentan fallas\u201d.<br \/>\nRespecto a las pipas que surten agua, est\u00e1n abasteciendo a las comunidades de Gavil\u00e1n y Cerros Blancos, que padecen por la escasez.<br \/>\nManifest\u00f3 que las pipas, por falta de mantenimiento continuamente presentan fallas mec\u00e1nicas.<br \/>\nGerardo Guerrero, responsable de servicios municipales dijo que encontr\u00f3 un total desastre en el tiradero municipal.<br \/>\nExpres\u00f3 que durante mucho tiempo no se hizo el trabajo que debe de realizarse en un relleno sanitario y hoy se ha acumulado.<br \/>\nA trav\u00e9s de maquinaria se cubrir\u00e1 la basura con trabajos a marchas forzadas para evitar focos contaminantes.<\/p>\n","protected":false},"excerpt":{"rendered":"<p>Francisco V.- Funcionarios del Ayuntamiento comentaron a Plurinominal que a su llegada lo que encontraron fue un grave desastre y abandono de los edificios y equipo con que cuenta el&#8230;<\/p>\n","protected":false},"author":1,"featured_media":0,"comment_status":"closed","ping_status":"open","sticky":false,"template":"","format":"standard","meta":{"footnotes":""},"categories":[463],"tags":[],"class_list":["post-4723","post","type-post","status-publish","format-standard","hentry","category-politica","entry","simple"],"_links":{"self":[{"href":"https:\/\/www.plurinominal.com.mx\/index.php?rest_route=\/wp\/v2\/posts\/4723","targetHints":{"allow":["GET"]}}],"collection":[{"href":"https:\/\/www.plurinominal.com.mx\/index.php?rest_route=\/wp\/v2\/posts"}],"about":[{"href":"https:\/\/www.plurinominal.com.mx\/index.php?rest_route=\/wp\/v2\/types\/post"}],"author":[{"embeddable":true,"href":"https:\/\/www.plurinominal.com.mx\/index.php?rest_route=\/wp\/v2\/users\/1"}],"replies":[{"embeddable":true,"href":"https:\/\/www.plurinominal.com.mx\/index.php?rest_route=%2Fwp%2Fv2%2Fcomments&post=4723"}],"version-history":[{"count":0,"href":"https:\/\/www.plurinominal.com.mx\/index.php?rest_route=\/wp\/v2\/posts\/4723\/revisions"}],"wp:attachment":[{"href":"https:\/\/www.plurinominal.com.mx\/index.php?rest_route=%2Fwp%2Fv2%2Fmedia&parent=4723"}],"wp:term":[{"taxonomy":"category","embeddable":true,"href":"https:\/\/www.plurinominal.com.mx\/index.php?rest_route=%2Fwp%2Fv2%2Fcategories&post=4723"},{"taxonomy":"post_tag","embeddable":true,"href":"https:\/\/www.plurinominal.com.mx\/index.php?rest_route=%2Fwp%2Fv2%2Ftags&post=4723"}],"curies":[{"name":"wp","href":"https:\/\/api.w.org\/{rel}","templated":true}]}}