{"id":4736,"date":"2012-10-19T12:14:40","date_gmt":"2012-10-19T17:14:40","guid":{"rendered":"http:\/\/www.plurinominal.com.mx\/?p=4736"},"modified":"2012-12-20T12:15:09","modified_gmt":"2012-12-20T18:15:09","slug":"jauria-de-perros-mato-a-puma-en-el-sauz","status":"publish","type":"post","link":"https:\/\/www.plurinominal.com.mx\/?p=4736","title":{"rendered":"Jaur\u00eda de perros mat\u00f3 a Puma en el Sa\u00faz"},"content":{"rendered":"<p><em>Redacci\u00f3n, con datos de V. de la Cruz.-<\/em> Una jaur\u00eda de perros dio muerte a un Puma en la comunidad de El Sa\u00faz.<br \/>\nHabitantes del ejido, de entrada se vieron sorprendidos al ser testigos de la aparici\u00f3n del felino, en las inmediaciones de la comunidad, puesto que s\u00f3lo por comentarios sab\u00edan de la existencia de mam\u00edferos de tal especie.<br \/>\nRecordaron las pl\u00e1ticas de sus antepasados, donde se refer\u00eda la existencia de Pumas en los l\u00edmites del Sa\u00faz y Guadalc\u00e1zar, pero llegaron a considerar la extinci\u00f3n del animal por esos tumbos porque hac\u00eda muchos a\u00f1os que no ve\u00edan a uno.<br \/>\nFue la semana pasada, \u2013el mi\u00e9rcoles 17 de Octubre\u2013 que el Puma pas\u00f3 frente a los hogares de ejidatarios.<br \/>\nPosteriormente quiso saltar un cercado, cuando un grupo de perros se le ech\u00f3 encima.<br \/>\nEl animal emprendi\u00f3 la hu\u00edda, al tiempo que m\u00e1s canes se unieron a la carrera.<br \/>\nLos vecinos de la comunidad de el Sa\u00faz, s\u00f3lo observaron la carrera de animales, pero ignoraron el desenlace, hasta que horas m\u00e1s tarde encontraron los restos del Puma, \u201ccerca del pante\u00f3n\u201d.<br \/>\nApreciaron en el cuerpo del carn\u00edvoro, las desgarradoras heridas que le ocasionaron la muerte, efectuadas por los perros.<br \/>\nUn habitante conserva la cabeza del Puma como parte de su colecci\u00f3n privada.<br \/>\nDe acuerdo a los declarantes, el Puma superaba en mucho al cuerpo de cualquier perro. Se cuenta con algunas gr\u00e1ficas pero al haber sido tomadas de noche, no son apreciables con facilidad.<br \/>\nHubo quien asegur\u00f3, que por las parcelas de la zona, han observado a una Pantera de tama\u00f1o medio, aunque los ancianos recuerdan que alguna vez llegaron a avistar Osos Negros, en los l\u00edmites de El Sa\u00faz, El Quelital y Granjenal.<br \/>\nIndicaron que los animales fueron presa de cazadores, pero desde que se increment\u00f3 la vigilancia es raro que las personas se aventuren por la regi\u00f3n, lo que seg\u00fan entrevistados, ha llevado a que los animales puedan desarrollarse.<br \/>\nDe igual modo, hay quien ha visto jabal\u00eds. \u00c9stos causan da\u00f1os a los cultivos, por lo que se colocan trampas.<br \/>\nEl Sa\u00faz es un sitio que tambi\u00e9n ha registrado hallazgos de osamentas de Mamuts.<\/p>\n","protected":false},"excerpt":{"rendered":"<p>Redacci\u00f3n, con datos de V. de la Cruz.- Una jaur\u00eda de perros dio muerte a un Puma en la comunidad de El Sa\u00faz. Habitantes del ejido, de entrada se vieron&#8230;<\/p>\n","protected":false},"author":1,"featured_media":0,"comment_status":"closed","ping_status":"open","sticky":false,"template":"","format":"standard","meta":{"footnotes":""},"categories":[3],"tags":[],"class_list":["post-4736","post","type-post","status-publish","format-standard","hentry","category-cerritos","entry","simple"],"_links":{"self":[{"href":"https:\/\/www.plurinominal.com.mx\/index.php?rest_route=\/wp\/v2\/posts\/4736","targetHints":{"allow":["GET"]}}],"collection":[{"href":"https:\/\/www.plurinominal.com.mx\/index.php?rest_route=\/wp\/v2\/posts"}],"about":[{"href":"https:\/\/www.plurinominal.com.mx\/index.php?rest_route=\/wp\/v2\/types\/post"}],"author":[{"embeddable":true,"href":"https:\/\/www.plurinominal.com.mx\/index.php?rest_route=\/wp\/v2\/users\/1"}],"replies":[{"embeddable":true,"href":"https:\/\/www.plurinominal.com.mx\/index.php?rest_route=%2Fwp%2Fv2%2Fcomments&post=4736"}],"version-history":[{"count":0,"href":"https:\/\/www.plurinominal.com.mx\/index.php?rest_route=\/wp\/v2\/posts\/4736\/revisions"}],"wp:attachment":[{"href":"https:\/\/www.plurinominal.com.mx\/index.php?rest_route=%2Fwp%2Fv2%2Fmedia&parent=4736"}],"wp:term":[{"taxonomy":"category","embeddable":true,"href":"https:\/\/www.plurinominal.com.mx\/index.php?rest_route=%2Fwp%2Fv2%2Fcategories&post=4736"},{"taxonomy":"post_tag","embeddable":true,"href":"https:\/\/www.plurinominal.com.mx\/index.php?rest_route=%2Fwp%2Fv2%2Ftags&post=4736"}],"curies":[{"name":"wp","href":"https:\/\/api.w.org\/{rel}","templated":true}]}}