{"id":4824,"date":"2012-10-24T13:23:12","date_gmt":"2012-10-24T18:23:12","guid":{"rendered":"http:\/\/www.plurinominal.com.mx\/?p=4824"},"modified":"2013-01-03T13:23:49","modified_gmt":"2013-01-03T19:23:49","slug":"tenemos-un-proyecto-para-embellecer-la-plaza-principal-gerardo-guerrero","status":"publish","type":"post","link":"https:\/\/www.plurinominal.com.mx\/?p=4824","title":{"rendered":"Tenemos un proyecto para embellecer la plaza principal: Gerardo Guerrero"},"content":{"rendered":"<p><em>Francisco V.-<\/em> El Director de Servicios Municipales, Gerardo Guerrero, coment\u00f3 que cuenta con un proyecto para embellecer la plaza principal.<br \/>\nReconoci\u00f3 que el jard\u00edn, desde hace mucho tiempo no ha sido regenerado.<br \/>\nAsegur\u00f3 que a la plaza se le brindar\u00e1 \u201cun tratamiento completo\u201d, pues ya presenta deterioro.<br \/>\nDijo que el lugar requiere ser mejorado para dar una mejor imagen al municipio.<br \/>\nPor otro lado, inform\u00f3 que el Departamento de Parques y Jardines pas\u00f3 a Servicios Municipales.<br \/>\nEl personal de su departamento, se ha dado a la tarea de limpiar camellones y podar \u00e1rboles en las \u00e1reas verdes de espacios p\u00fablicos, y la plaza principal tambi\u00e9n ha sido tomada en cuenta para mejorarla.<br \/>\nSobre el relleno sanitario dijo que ahora se dar\u00e1n a la tarea de acomodarla y taparla. La maquinaria ya se encuentra trabajando, d\u00e1ndole el mantenimiento que necesita.<br \/>\nSe trata de cubrir toda la basura como debe ser en un relleno sanitario. De este modo tambi\u00e9n se evitar\u00eda una multa por el manejo inadecuado del basurero.<br \/>\nIgualmente, los trabajadores a su cargo se encuentran dando mantenimiento al pante\u00f3n.<br \/>\nEspecific\u00f3, que \u00e9stos trabajos podr\u00edan ser permanentes, no s\u00f3lo por estas fechas. Para ello se realizar\u00e1 una bit\u00e1cora de cada empleado, donde se le pedir\u00e1 que presente el trabajo en el \u00e1rea correspondiente.<br \/>\nOtra de las acciones del departamento de Servicios Municipales fue la limpieza del camell\u00f3n para caminar que conduce al parque \u201cLa Mezquitada\u201d.<br \/>\nEl camino estaba lleno de maleza y la limpia se hizo para que los deportistas que la utilizan tengan confianza al caminar.<br \/>\nEn cuanto a los proyectos para el parque recreativo \u201cLa Mezquitada\u201d, extern\u00f3 que se plantar\u00e1n nuevos \u00e1rboles y se realizar\u00e1n eventos deportivos y culturales con el fin de darle vida al sitio.<\/p>\n","protected":false},"excerpt":{"rendered":"<p>Francisco V.- El Director de Servicios Municipales, Gerardo Guerrero, coment\u00f3 que cuenta con un proyecto para embellecer la plaza principal. Reconoci\u00f3 que el jard\u00edn, desde hace mucho tiempo no ha&#8230;<\/p>\n","protected":false},"author":1,"featured_media":0,"comment_status":"closed","ping_status":"open","sticky":false,"template":"","format":"standard","meta":{"footnotes":""},"categories":[3],"tags":[],"class_list":["post-4824","post","type-post","status-publish","format-standard","hentry","category-cerritos","entry","simple"],"_links":{"self":[{"href":"https:\/\/www.plurinominal.com.mx\/index.php?rest_route=\/wp\/v2\/posts\/4824","targetHints":{"allow":["GET"]}}],"collection":[{"href":"https:\/\/www.plurinominal.com.mx\/index.php?rest_route=\/wp\/v2\/posts"}],"about":[{"href":"https:\/\/www.plurinominal.com.mx\/index.php?rest_route=\/wp\/v2\/types\/post"}],"author":[{"embeddable":true,"href":"https:\/\/www.plurinominal.com.mx\/index.php?rest_route=\/wp\/v2\/users\/1"}],"replies":[{"embeddable":true,"href":"https:\/\/www.plurinominal.com.mx\/index.php?rest_route=%2Fwp%2Fv2%2Fcomments&post=4824"}],"version-history":[{"count":0,"href":"https:\/\/www.plurinominal.com.mx\/index.php?rest_route=\/wp\/v2\/posts\/4824\/revisions"}],"wp:attachment":[{"href":"https:\/\/www.plurinominal.com.mx\/index.php?rest_route=%2Fwp%2Fv2%2Fmedia&parent=4824"}],"wp:term":[{"taxonomy":"category","embeddable":true,"href":"https:\/\/www.plurinominal.com.mx\/index.php?rest_route=%2Fwp%2Fv2%2Fcategories&post=4824"},{"taxonomy":"post_tag","embeddable":true,"href":"https:\/\/www.plurinominal.com.mx\/index.php?rest_route=%2Fwp%2Fv2%2Ftags&post=4824"}],"curies":[{"name":"wp","href":"https:\/\/api.w.org\/{rel}","templated":true}]}}