{"id":505,"date":"2011-11-17T21:00:45","date_gmt":"2011-11-18T03:00:45","guid":{"rendered":"http:\/\/www.plurinominal.com.mx\/?p=505"},"modified":"2011-11-17T18:20:30","modified_gmt":"2011-11-18T00:20:30","slug":"denuncian-%e2%80%9cfoco-de-infeccion%e2%80%9d-sobre-la-calle-francisco-murguia","status":"publish","type":"post","link":"https:\/\/www.plurinominal.com.mx\/?p=505","title":{"rendered":"Denuncian \u201cfoco de infecci\u00f3n\u201d sobre la calle Francisco Murgu\u00eda"},"content":{"rendered":"<p>Vecinos hacen un llamado a las autoridades de salubridad<\/p>\n<p>Marco Serna<br \/>\nComo \u201cfoco de infecci\u00f3n\u201d, califican vecinos de la calle Francisco Murgu\u00eda un negocio dedicado a la venta de material reciclable.<br \/>\nEntre Abasolo y Vicente Guerrero se ubica el sitio que desde hace m\u00e1s de un a\u00f1o \u201cha sido un verdadero dolor de cabeza\u201d para los vecinos del sector.<br \/>\nUn grupo de pobladores de ese barrio, aprovechando este medio, hace un llamado a las autoridades de salubridad a poner \u00e9nfasis en el problema, el que aseguran, \u201cha llegado al extremo\u201d.<br \/>\nPidieron discreci\u00f3n para que no se reveleran sus nombre debido a que calificaron a la encargada Mar\u00eda Elena de Monreal como una persona \u201cde car\u00e1cter fuerte\u201d.<br \/>\nExplicaron que la mujer, en una ocasi\u00f3n \u2014que se public\u00f3 algo sobre el mismo tema\u2014, arremeti\u00f3 contra otra que \u201cnada tuvo que ver con el periodicazo\u201d.<br \/>\nCart\u00f3n, botes, garrafas de cloro, y dem\u00e1s materiales son s\u00f3lo algunos art\u00edculos que all\u00ed se compran, pero \u00e9stos traen consigo malos olores, diversidad de insectos y hasta se asegura que han proliferado las ratas.<br \/>\nLos vecinos del lugar desconocen si el sitio cuenta con autorizaci\u00f3n de la SEGAM (Secretar\u00eda de Ecolog\u00eda y Gesti\u00f3n Ambiental), o alguna otra dependencia, como la Secretar\u00eda de Salud.<br \/>\nFueron similares las declaraciones de inconformidad emitidas por los vecinos, en el sentido de que \u201ccreen que el negocio debe estar ubicado en otro lugar, fuera de la mancha urbana, techado y con su \u00e1rea pavimentada en caso de filtraci\u00f3n de aguas\u201d.<br \/>\nDenunciaron que no s\u00f3lo el negocio ocasiona condiciones insalubres que se extienden, sino que tambi\u00e9n con los camiones que transportan el material, \u201cse multiplican los bichos y roedores\u201d.  <\/p>\n","protected":false},"excerpt":{"rendered":"<p>Vecinos hacen un llamado a las autoridades de salubridad Marco Serna Como \u201cfoco de infecci\u00f3n\u201d, califican vecinos de la calle Francisco Murgu\u00eda un negocio dedicado a la venta de material&#8230;<\/p>\n","protected":false},"author":1,"featured_media":0,"comment_status":"closed","ping_status":"open","sticky":false,"template":"","format":"standard","meta":{"footnotes":""},"categories":[3],"tags":[282,283,284,285],"class_list":["post-505","post","type-post","status-publish","format-standard","hentry","category-cerritos","tag-foco-de-infeccion","tag-francisco-murguia","tag-negocio","tag-olores","entry","simple"],"_links":{"self":[{"href":"https:\/\/www.plurinominal.com.mx\/index.php?rest_route=\/wp\/v2\/posts\/505","targetHints":{"allow":["GET"]}}],"collection":[{"href":"https:\/\/www.plurinominal.com.mx\/index.php?rest_route=\/wp\/v2\/posts"}],"about":[{"href":"https:\/\/www.plurinominal.com.mx\/index.php?rest_route=\/wp\/v2\/types\/post"}],"author":[{"embeddable":true,"href":"https:\/\/www.plurinominal.com.mx\/index.php?rest_route=\/wp\/v2\/users\/1"}],"replies":[{"embeddable":true,"href":"https:\/\/www.plurinominal.com.mx\/index.php?rest_route=%2Fwp%2Fv2%2Fcomments&post=505"}],"version-history":[{"count":0,"href":"https:\/\/www.plurinominal.com.mx\/index.php?rest_route=\/wp\/v2\/posts\/505\/revisions"}],"wp:attachment":[{"href":"https:\/\/www.plurinominal.com.mx\/index.php?rest_route=%2Fwp%2Fv2%2Fmedia&parent=505"}],"wp:term":[{"taxonomy":"category","embeddable":true,"href":"https:\/\/www.plurinominal.com.mx\/index.php?rest_route=%2Fwp%2Fv2%2Fcategories&post=505"},{"taxonomy":"post_tag","embeddable":true,"href":"https:\/\/www.plurinominal.com.mx\/index.php?rest_route=%2Fwp%2Fv2%2Ftags&post=505"}],"curies":[{"name":"wp","href":"https:\/\/api.w.org\/{rel}","templated":true}]}}