{"id":511,"date":"2011-11-18T21:00:20","date_gmt":"2011-11-19T03:00:20","guid":{"rendered":"http:\/\/www.plurinominal.com.mx\/?p=511"},"modified":"2011-11-17T18:24:48","modified_gmt":"2011-11-18T00:24:48","slug":"murio-otro-pariente-del-edil-de-guadalcazar","status":"publish","type":"post","link":"https:\/\/www.plurinominal.com.mx\/?p=511","title":{"rendered":"Muri\u00f3 otro pariente del edil de Guadalc\u00e1zar"},"content":{"rendered":"<p>Del equipo de redacci\u00f3n<br \/>\nApenas a mediados de octubre se supo del deceso de un pariente de \u00c1lvaro Gustavo Jim\u00e9nez Reyes \u2014Presidente Municipal de Guadalc\u00e1zar\u2014 cuando este lunes sus familiares dieron cristiana sepultura a un t\u00edo del edil.<br \/>\nGregorio Monjarr\u00e9z de aproximadamente 75 a\u00f1os, fue hallado muerto a causa de un infarto en una huerta la tarde del domingo. As\u00ed lo dieron a conocer los vecinos de Guadalc\u00e1zar, quienes tambi\u00e9n revelaron que hace poco el fallecido tuvo una intervenci\u00f3n m\u00e9dica.<br \/>\nEste lunes, un gran n\u00famero de amigos y trabajadores del H. Ayuntamiento de Guadalc\u00e1zar, acompa\u00f1aron al alcalde \u00c1lvaro Gustavo Jim\u00e9nez a dar el \u00faltimo adi\u00f3s a Gregorio Monjarr\u00e9z.<br \/>\nA mediados del mes pasado, se supo de la defunci\u00f3n de Jos\u00e9 Espinoza, a quien tambi\u00e9n se le identific\u00f3 como pariente del alcalde.<br \/>\nEste hombre muri\u00f3 a causa de una extra\u00f1a enfermedad y de manera repentina. Ahora, a casi un mes, la familia del edil pri\u00edsta nuevamente se visti\u00f3 de luto.<\/p>\n","protected":false},"excerpt":{"rendered":"<p>Del equipo de redacci\u00f3n Apenas a mediados de octubre se supo del deceso de un pariente de \u00c1lvaro Gustavo Jim\u00e9nez Reyes \u2014Presidente Municipal de Guadalc\u00e1zar\u2014 cuando este lunes sus familiares&#8230;<\/p>\n","protected":false},"author":1,"featured_media":0,"comment_status":"closed","ping_status":"open","sticky":false,"template":"","format":"standard","meta":{"footnotes":""},"categories":[6],"tags":[291,292],"class_list":["post-511","post","type-post","status-publish","format-standard","hentry","category-guadalcazar","tag-alvaro-gustavo-jimenez","tag-gregorio-monjarrez","entry","simple"],"_links":{"self":[{"href":"https:\/\/www.plurinominal.com.mx\/index.php?rest_route=\/wp\/v2\/posts\/511","targetHints":{"allow":["GET"]}}],"collection":[{"href":"https:\/\/www.plurinominal.com.mx\/index.php?rest_route=\/wp\/v2\/posts"}],"about":[{"href":"https:\/\/www.plurinominal.com.mx\/index.php?rest_route=\/wp\/v2\/types\/post"}],"author":[{"embeddable":true,"href":"https:\/\/www.plurinominal.com.mx\/index.php?rest_route=\/wp\/v2\/users\/1"}],"replies":[{"embeddable":true,"href":"https:\/\/www.plurinominal.com.mx\/index.php?rest_route=%2Fwp%2Fv2%2Fcomments&post=511"}],"version-history":[{"count":0,"href":"https:\/\/www.plurinominal.com.mx\/index.php?rest_route=\/wp\/v2\/posts\/511\/revisions"}],"wp:attachment":[{"href":"https:\/\/www.plurinominal.com.mx\/index.php?rest_route=%2Fwp%2Fv2%2Fmedia&parent=511"}],"wp:term":[{"taxonomy":"category","embeddable":true,"href":"https:\/\/www.plurinominal.com.mx\/index.php?rest_route=%2Fwp%2Fv2%2Fcategories&post=511"},{"taxonomy":"post_tag","embeddable":true,"href":"https:\/\/www.plurinominal.com.mx\/index.php?rest_route=%2Fwp%2Fv2%2Ftags&post=511"}],"curies":[{"name":"wp","href":"https:\/\/api.w.org\/{rel}","templated":true}]}}