{"id":520,"date":"2011-11-20T09:00:14","date_gmt":"2011-11-20T15:00:14","guid":{"rendered":"http:\/\/www.plurinominal.com.mx\/?p=520"},"modified":"2011-11-17T18:30:04","modified_gmt":"2011-11-18T00:30:04","slug":"quisieron-abusar-sexualmente-de-joven-estudiante","status":"publish","type":"post","link":"https:\/\/www.plurinominal.com.mx\/?p=520","title":{"rendered":"Quisieron abusar sexualmente de joven estudiante"},"content":{"rendered":"<p>Del equipo de redacci\u00f3n<br \/>\nPar de adolescentes fueron se\u00f1alados por una menor de edad como los sujetos que la ma\u00f1ana de este mi\u00e9rcoles intentaron abusar sexualmente de ella.<br \/>\nLa estudiante de la secundaria T\u00e9cnica, apenas se dirig\u00eda a la escuela. Luego de suceder los hechos en el barrio de Francia, log\u00f3 dar aviso a las autoridades y elementos de la Polic\u00eda Ministerial lograron detener a los acusados.<br \/>\nAntes de las 10:00 AM, fueron llevados a la Direcci\u00f3n de Seguridad, donde en presencia de la Ministerio P\u00fablico Adriana Moya, la ofendida que lleva por nombre Karina Nohem\u00ed, explic\u00f3 el modo en que la tocaron.<br \/>\n\u201cMe agarraron aqu\u00ed, y por ac\u00e1\u201d, es lo que la ni\u00f1a dijo delante de las autoridades mientras se tocaba el cuerpo.<br \/>\nLos sujetos fueron esposados, cada cual de la mu\u00f1eca de su compa\u00f1ero antes de ser llevados a certificar.<br \/>\n\u2014\u201cYa Karina, ni que te hubi\u00e9ramos violado\u201d\u2014, le dijo uno.<br \/>\n\u2014\u201cA poco \u00edbamos a esperar a que la violaras\u201d\u2014, mencion\u00f3 la Representante Social.<br \/>\nLos detenidos responden a los nombres de Diego Castillo G\u00e1mez de la calle Francisco P. Mariel y Alfonso Salas Cabrera de la calle Jes\u00fas Noyola, ambos de 18 a\u00f1os, quienes al cierre de la edici\u00f3n hab\u00edan pasado a declarar ante el Representante Social donde negaron los cargos por los que los acus\u00f3 la mujer.<br \/>\nDe acuerdo a informaci\u00f3n del archivo de Plurinominal, el 31 de Octubre, la mam\u00e1 de la misma muchacha autoriz\u00f3 a los polic\u00edas municipales de Cerritos \u201cque la detuvieran\u201d.<br \/>\n\u201cQue se le detenga donde se le encuentre\u201d, as\u00ed indica el reporte que Mar\u00eda de la Luz Gonz\u00e1lez Vega de la calle Noyola n\u00famero 1, realiz\u00f3 a altas horas de la noche.<br \/>\nKarina Nohem\u00ed sali\u00f3 de su hogar y a casi 24 horas despu\u00e9s, sus familiares no ten\u00edan noticias sobre su paradero.<br \/>\nHoras m\u00e1s tarde, se avis\u00f3 que la menor estaba en V. Carranza 50.<\/p>\n","protected":false},"excerpt":{"rendered":"<p>Del equipo de redacci\u00f3n Par de adolescentes fueron se\u00f1alados por una menor de edad como los sujetos que la ma\u00f1ana de este mi\u00e9rcoles intentaron abusar sexualmente de ella. La estudiante&#8230;<\/p>\n","protected":false},"author":1,"featured_media":0,"comment_status":"closed","ping_status":"open","sticky":false,"template":"","format":"standard","meta":{"footnotes":""},"categories":[3],"tags":[274,273,272,299],"class_list":["post-520","post","type-post","status-publish","format-standard","hentry","category-cerritos","tag-abuso-sexual","tag-alumna","tag-depravados","tag-estudiante","entry","simple"],"_links":{"self":[{"href":"https:\/\/www.plurinominal.com.mx\/index.php?rest_route=\/wp\/v2\/posts\/520","targetHints":{"allow":["GET"]}}],"collection":[{"href":"https:\/\/www.plurinominal.com.mx\/index.php?rest_route=\/wp\/v2\/posts"}],"about":[{"href":"https:\/\/www.plurinominal.com.mx\/index.php?rest_route=\/wp\/v2\/types\/post"}],"author":[{"embeddable":true,"href":"https:\/\/www.plurinominal.com.mx\/index.php?rest_route=\/wp\/v2\/users\/1"}],"replies":[{"embeddable":true,"href":"https:\/\/www.plurinominal.com.mx\/index.php?rest_route=%2Fwp%2Fv2%2Fcomments&post=520"}],"version-history":[{"count":0,"href":"https:\/\/www.plurinominal.com.mx\/index.php?rest_route=\/wp\/v2\/posts\/520\/revisions"}],"wp:attachment":[{"href":"https:\/\/www.plurinominal.com.mx\/index.php?rest_route=%2Fwp%2Fv2%2Fmedia&parent=520"}],"wp:term":[{"taxonomy":"category","embeddable":true,"href":"https:\/\/www.plurinominal.com.mx\/index.php?rest_route=%2Fwp%2Fv2%2Fcategories&post=520"},{"taxonomy":"post_tag","embeddable":true,"href":"https:\/\/www.plurinominal.com.mx\/index.php?rest_route=%2Fwp%2Fv2%2Ftags&post=520"}],"curies":[{"name":"wp","href":"https:\/\/api.w.org\/{rel}","templated":true}]}}