{"id":524,"date":"2011-11-09T20:50:09","date_gmt":"2011-11-10T02:50:09","guid":{"rendered":"http:\/\/www.plurinominal.com.mx\/?p=524"},"modified":"2011-11-18T21:12:47","modified_gmt":"2011-11-19T03:12:47","slug":"fue-detenido-en-profesor-que-dio-muerte-a-jornalero","status":"publish","type":"post","link":"https:\/\/www.plurinominal.com.mx\/?p=524","title":{"rendered":"Fue detenido en profesor que dio muerte a jornalero"},"content":{"rendered":"<p>Revelan que lo atropell\u00f3 y se dio a la fuga hace un a\u00f1o en el Granjenal<\/p>\n<p>Jos\u00e9 \u00c1ngel Mtz.<br \/>\nFue detenido por ministeriales un profesor de Ciudad del Ma\u00edz, acusado de matar en forma accidental a un campesino de \u201cLa Cardona\u201d.<br \/>\nHa sido confirmado por Plurinominal que Jos\u00e9 Manuel Moctezuma Reyes, \u2014profesor que tiene cumplidos 42 a\u00f1os\u2014 fue capturado al medio d\u00eda del lunes.<br \/>\nLo trajeron en calidad de detenido para dejarlo encerrado en el CEREDI, antes de que en el juzgado se resolviera sobre su situaci\u00f3n.<br \/>\nEste profesor dio clases hasta noviembre del a\u00f1o pasado en El Granjenal, de donde huy\u00f3 cuando comenz\u00f3 una investigaci\u00f3n por la muerte del jornalero J. de Jes\u00fas Colchado Montoya, quien tuvo su domicilio en la calle Emiliano Zapata n\u00famero 265, de la localidad de \u201cLa Cardona\u201d, contaba con 42 a\u00f1os, misma persona que fue atropellada sobre la carretera que conecta a este ejido con el de Santo Domingo, \u201cpor un auto fantasma\u201d.<br \/>\nEl infortunado fue visto por \u00faltima vez con vida el jueves 11 de noviembre del 2010.<br \/>\nEn los archivos de Plurinominal, se tienen antecedentes de que \u201cfue a Granjenal por mercanc\u00eda\u201d.<br \/>\nEl 14 de noviembre del a\u00f1o pasado, este medio comunic\u00f3 el accidente que fue noticia a nivel regional (ver Plurinominal 288), porque muri\u00f3 en forma tr\u00e1gica el desafortunado cuando lo atropellaron a pocos metros de la entrada a El Granjenal; en ese momento no se supo quien provoc\u00f3 su muerte, pero en la investigaci\u00f3n ministerial se logr\u00f3 dar con el paradero del presunto responsable, al que se le libr\u00f3 una orden de aprehensi\u00f3n por homicidio por culpa. En el lugar se observan rastros del frenado de un veh\u00edculo, que se alargaron casi por 20 metros.<br \/>\nSe presume que el impacto lanz\u00f3 a la v\u00edctima por los aires a una distancia todav\u00eda mayor.<br \/>\nFueron polic\u00edas ministeriales de la capital  los que detuvieron al maestro cuando acudieron a una escuela del municipio de Santa Mar\u00eda del R\u00edo.<br \/>\nLo aprehendieron para que se responsabilizara del delito cometido. Se dijo dentro del juzgado que no pag\u00f3 lo correspondiente a la sanci\u00f3n pecuniaria. Tampoco exist\u00edan comprobantes de que se hubiera dado alguna indemnizaci\u00f3n a los familiares del fallecido.<\/p>\n","protected":false},"excerpt":{"rendered":"<p>Revelan que lo atropell\u00f3 y se dio a la fuga hace un a\u00f1o en el Granjenal Jos\u00e9 \u00c1ngel Mtz. Fue detenido por ministeriales un profesor de Ciudad del Ma\u00edz, acusado&#8230;<\/p>\n","protected":false},"author":1,"featured_media":0,"comment_status":"closed","ping_status":"open","sticky":false,"template":"","format":"standard","meta":{"footnotes":""},"categories":[4],"tags":[201,222,203],"class_list":["post-524","post","type-post","status-publish","format-standard","hentry","category-villa-juarez","tag-ciclista","tag-granjenal","tag-jose-manuel-moctezuma-reyes","entry","simple"],"_links":{"self":[{"href":"https:\/\/www.plurinominal.com.mx\/index.php?rest_route=\/wp\/v2\/posts\/524","targetHints":{"allow":["GET"]}}],"collection":[{"href":"https:\/\/www.plurinominal.com.mx\/index.php?rest_route=\/wp\/v2\/posts"}],"about":[{"href":"https:\/\/www.plurinominal.com.mx\/index.php?rest_route=\/wp\/v2\/types\/post"}],"author":[{"embeddable":true,"href":"https:\/\/www.plurinominal.com.mx\/index.php?rest_route=\/wp\/v2\/users\/1"}],"replies":[{"embeddable":true,"href":"https:\/\/www.plurinominal.com.mx\/index.php?rest_route=%2Fwp%2Fv2%2Fcomments&post=524"}],"version-history":[{"count":0,"href":"https:\/\/www.plurinominal.com.mx\/index.php?rest_route=\/wp\/v2\/posts\/524\/revisions"}],"wp:attachment":[{"href":"https:\/\/www.plurinominal.com.mx\/index.php?rest_route=%2Fwp%2Fv2%2Fmedia&parent=524"}],"wp:term":[{"taxonomy":"category","embeddable":true,"href":"https:\/\/www.plurinominal.com.mx\/index.php?rest_route=%2Fwp%2Fv2%2Fcategories&post=524"},{"taxonomy":"post_tag","embeddable":true,"href":"https:\/\/www.plurinominal.com.mx\/index.php?rest_route=%2Fwp%2Fv2%2Ftags&post=524"}],"curies":[{"name":"wp","href":"https:\/\/api.w.org\/{rel}","templated":true}]}}