{"id":528,"date":"2011-11-10T21:18:03","date_gmt":"2011-11-11T03:18:03","guid":{"rendered":"http:\/\/www.plurinominal.com.mx\/?p=528"},"modified":"2011-11-18T21:19:40","modified_gmt":"2011-11-19T03:19:40","slug":"invita-julio-reyes-a-que-conozcan-su-propuesta-de-trabajo","status":"publish","type":"post","link":"https:\/\/www.plurinominal.com.mx\/?p=528","title":{"rendered":"Invita Julio Reyes a que conozcan su propuesta de trabajo"},"content":{"rendered":"<p>Ma. del Carmen V.<br \/>\nEl pre candidato panista Julio Reyes Guzm\u00e1n, coment\u00f3 a este medio que se encuentra en \u00f3ptimas condiciones para participar en la elecci\u00f3n interna del PAN. Aprovech\u00f3 para hacer una cordial invitaci\u00f3n a todos los miembros adherentes y activos a que conozcan su proyecto de trabajo.<br \/>\nAgreg\u00f3 que es importante tomar en cuenta la vida pasada de los aspirantes a la Presidencia por Acci\u00f3n Nacional e invit\u00f3 a los ciudadanos a preguntarse qu\u00e9 es lo que a medida de sus posibilidades han realizado los precandidatos en beneficio de Cerritos.<br \/>\nEspecific\u00f3 que orgullosamente es cerritense y que el \u00fanico objetivo de participar en esta contienda electoral es \u00abdemostrar con hechos y no con promesas\u00bb, que se pueden hacer bien las cosas y a\u00f1adi\u00f3, \u00abyo sin tener ning\u00fan cargo p\u00fablico he demostrado que puedo aterrizar proyectos, mis hechos hablan por m\u00ed\u00bb, puntualiz\u00f3.<\/p>\n","protected":false},"excerpt":{"rendered":"<p>Ma. del Carmen V. El pre candidato panista Julio Reyes Guzm\u00e1n, coment\u00f3 a este medio que se encuentra en \u00f3ptimas condiciones para participar en la elecci\u00f3n interna del PAN. Aprovech\u00f3&#8230;<\/p>\n","protected":false},"author":1,"featured_media":0,"comment_status":"closed","ping_status":"open","sticky":false,"template":"","format":"standard","meta":{"footnotes":""},"categories":[3],"tags":[84],"class_list":["post-528","post","type-post","status-publish","format-standard","hentry","category-cerritos","tag-julio-reyes","entry","simple"],"_links":{"self":[{"href":"https:\/\/www.plurinominal.com.mx\/index.php?rest_route=\/wp\/v2\/posts\/528","targetHints":{"allow":["GET"]}}],"collection":[{"href":"https:\/\/www.plurinominal.com.mx\/index.php?rest_route=\/wp\/v2\/posts"}],"about":[{"href":"https:\/\/www.plurinominal.com.mx\/index.php?rest_route=\/wp\/v2\/types\/post"}],"author":[{"embeddable":true,"href":"https:\/\/www.plurinominal.com.mx\/index.php?rest_route=\/wp\/v2\/users\/1"}],"replies":[{"embeddable":true,"href":"https:\/\/www.plurinominal.com.mx\/index.php?rest_route=%2Fwp%2Fv2%2Fcomments&post=528"}],"version-history":[{"count":0,"href":"https:\/\/www.plurinominal.com.mx\/index.php?rest_route=\/wp\/v2\/posts\/528\/revisions"}],"wp:attachment":[{"href":"https:\/\/www.plurinominal.com.mx\/index.php?rest_route=%2Fwp%2Fv2%2Fmedia&parent=528"}],"wp:term":[{"taxonomy":"category","embeddable":true,"href":"https:\/\/www.plurinominal.com.mx\/index.php?rest_route=%2Fwp%2Fv2%2Fcategories&post=528"},{"taxonomy":"post_tag","embeddable":true,"href":"https:\/\/www.plurinominal.com.mx\/index.php?rest_route=%2Fwp%2Fv2%2Ftags&post=528"}],"curies":[{"name":"wp","href":"https:\/\/api.w.org\/{rel}","templated":true}]}}