{"id":532,"date":"2011-11-09T21:28:36","date_gmt":"2011-11-10T03:28:36","guid":{"rendered":"http:\/\/www.plurinominal.com.mx\/?p=532"},"modified":"2011-11-18T21:29:14","modified_gmt":"2011-11-19T03:29:14","slug":"choco-y-huyo-para-evitar-responsabilizarse-de-los-danos","status":"publish","type":"post","link":"https:\/\/www.plurinominal.com.mx\/?p=532","title":{"rendered":"Choc\u00f3 y huy\u00f3 para evitar responsabilizarse de los da\u00f1os"},"content":{"rendered":"<p>Del equipo de redacci\u00f3n<br \/>\nCobarde conductor ocasion\u00f3 accidente y huy\u00f3 para evitar responsabilizarse de los da\u00f1os ocasionados contra la unidad de un vecino de Estaci\u00f3n Monta\u00f1a.<br \/>\n\u201cNadie supo\u201d, quien fue el que le peg\u00f3 al Mazda Rojo, modelo 97 con placas de circulaci\u00f3n  VCG1189 del estado, de quien dijo llamarse Jos\u00e9 Francisco Ruelas S\u00e1nchez.<br \/>\nEl hecho se registr\u00f3 minutos antes de las 14:00 horas de este martes 8 de noviembre entre las calles Rafael Nieto y Allende de Cerritos.<br \/>\nA pesar de que \u201chab\u00eda testigos\u201d, \u00e9stos solo se concretaron a estar de curiosos, porque ninguno supo quien tripulaba un auto Tsuru color rojo \u201ccon placas azules\u201d.<br \/>\nDebido al impacto ocasionado del lado del copiloto, la unidad Mazda, qued\u00f3 inmovilizada sobre la calle Alllende.<br \/>\nPor minutos el afectado indag\u00f3 sobre el responsable pero nadie proporcion\u00f3 informaci\u00f3n.<br \/>\nAl final opt\u00f3 por hacer del conocimiento los hechos ante la autoridad p\u00fablica municipal.<br \/>\nAl lugar no llegaron elementos estatales debido a que desde hace meses no se cuenta con un perito.<br \/>\nAntes de las 16:00 horas un mec\u00e1nico acudi\u00f3 al lugar para iniciar trabajos y poner en marcha el carro.<\/p>\n","protected":false},"excerpt":{"rendered":"<p>Del equipo de redacci\u00f3n Cobarde conductor ocasion\u00f3 accidente y huy\u00f3 para evitar responsabilizarse de los da\u00f1os ocasionados contra la unidad de un vecino de Estaci\u00f3n Monta\u00f1a. \u201cNadie supo\u201d, quien fue&#8230;<\/p>\n","protected":false},"author":1,"featured_media":0,"comment_status":"closed","ping_status":"open","sticky":false,"template":"","format":"standard","meta":{"footnotes":""},"categories":[3],"tags":[311,312,313],"class_list":["post-532","post","type-post","status-publish","format-standard","hentry","category-cerritos","tag-accidente","tag-mazda","tag-tsuru","entry","simple"],"_links":{"self":[{"href":"https:\/\/www.plurinominal.com.mx\/index.php?rest_route=\/wp\/v2\/posts\/532","targetHints":{"allow":["GET"]}}],"collection":[{"href":"https:\/\/www.plurinominal.com.mx\/index.php?rest_route=\/wp\/v2\/posts"}],"about":[{"href":"https:\/\/www.plurinominal.com.mx\/index.php?rest_route=\/wp\/v2\/types\/post"}],"author":[{"embeddable":true,"href":"https:\/\/www.plurinominal.com.mx\/index.php?rest_route=\/wp\/v2\/users\/1"}],"replies":[{"embeddable":true,"href":"https:\/\/www.plurinominal.com.mx\/index.php?rest_route=%2Fwp%2Fv2%2Fcomments&post=532"}],"version-history":[{"count":0,"href":"https:\/\/www.plurinominal.com.mx\/index.php?rest_route=\/wp\/v2\/posts\/532\/revisions"}],"wp:attachment":[{"href":"https:\/\/www.plurinominal.com.mx\/index.php?rest_route=%2Fwp%2Fv2%2Fmedia&parent=532"}],"wp:term":[{"taxonomy":"category","embeddable":true,"href":"https:\/\/www.plurinominal.com.mx\/index.php?rest_route=%2Fwp%2Fv2%2Fcategories&post=532"},{"taxonomy":"post_tag","embeddable":true,"href":"https:\/\/www.plurinominal.com.mx\/index.php?rest_route=%2Fwp%2Fv2%2Ftags&post=532"}],"curies":[{"name":"wp","href":"https:\/\/api.w.org\/{rel}","templated":true}]}}