{"id":534,"date":"2011-11-08T21:33:02","date_gmt":"2011-11-09T03:33:02","guid":{"rendered":"http:\/\/www.plurinominal.com.mx\/?p=534"},"modified":"2011-11-18T21:35:49","modified_gmt":"2011-11-19T03:35:49","slug":"escandalo-en-el-imss","status":"publish","type":"post","link":"https:\/\/www.plurinominal.com.mx\/?p=534","title":{"rendered":"Esc\u00e1ndalo en el IMSS"},"content":{"rendered":"<p>Del equipo de redacci\u00f3n<br \/>\nPor armar todo un \u201cshow\u201d en el IMSS Oportunidades, un sujeto fue detenido la madrugada del domingo. Ya preso todav\u00eda logr\u00f3 hacer de las suyas al averiar una toma de agua en los separos del CEREDI.<br \/>\nA las 05:46 de la madrugada, se tom\u00f3 el reporte de que Jaime Moreno Brise\u00f1o, con domicilio en la calle Lago Azul n\u00famero 1, de la colonia \u201cSanta Cruz\u201d, \u201cpate\u00f3 las puertas del IMSS\u201d, porque exig\u00eda al personal informes sobre una persona que seg\u00fan sus argumentos, \u201chab\u00eda ingresado a recibir atenci\u00f3n m\u00e9dica\u201d.<br \/>\n\u201cComo se sinti\u00f3 ignorado, arm\u00f3 el esc\u00e1ndalo\u201d, es lo que explican los polic\u00edas que lo detuvieron.<br \/>\nA las 06:14 del domingo, ingres\u00f3 a las celdas, pero luego ocasion\u00f3 da\u00f1os en una tuber\u00eda.<br \/>\nSe le pas\u00f3 a Sindicatura, donde se comprometi\u00f3 a pagar \u201cel chistecito\u201d, y as\u00ed pudo nuevamente gozar de su libertad.<\/p>\n","protected":false},"excerpt":{"rendered":"<p>Del equipo de redacci\u00f3n Por armar todo un \u201cshow\u201d en el IMSS Oportunidades, un sujeto fue detenido la madrugada del domingo. Ya preso todav\u00eda logr\u00f3 hacer de las suyas al&#8230;<\/p>\n","protected":false},"author":1,"featured_media":0,"comment_status":"closed","ping_status":"open","sticky":false,"template":"","format":"standard","meta":{"footnotes":""},"categories":[3],"tags":[314,316,315],"class_list":["post-534","post","type-post","status-publish","format-standard","hentry","category-cerritos","tag-imss","tag-jaime-moreno-briseno","tag-santa-cruz","entry","simple"],"_links":{"self":[{"href":"https:\/\/www.plurinominal.com.mx\/index.php?rest_route=\/wp\/v2\/posts\/534","targetHints":{"allow":["GET"]}}],"collection":[{"href":"https:\/\/www.plurinominal.com.mx\/index.php?rest_route=\/wp\/v2\/posts"}],"about":[{"href":"https:\/\/www.plurinominal.com.mx\/index.php?rest_route=\/wp\/v2\/types\/post"}],"author":[{"embeddable":true,"href":"https:\/\/www.plurinominal.com.mx\/index.php?rest_route=\/wp\/v2\/users\/1"}],"replies":[{"embeddable":true,"href":"https:\/\/www.plurinominal.com.mx\/index.php?rest_route=%2Fwp%2Fv2%2Fcomments&post=534"}],"version-history":[{"count":0,"href":"https:\/\/www.plurinominal.com.mx\/index.php?rest_route=\/wp\/v2\/posts\/534\/revisions"}],"wp:attachment":[{"href":"https:\/\/www.plurinominal.com.mx\/index.php?rest_route=%2Fwp%2Fv2%2Fmedia&parent=534"}],"wp:term":[{"taxonomy":"category","embeddable":true,"href":"https:\/\/www.plurinominal.com.mx\/index.php?rest_route=%2Fwp%2Fv2%2Fcategories&post=534"},{"taxonomy":"post_tag","embeddable":true,"href":"https:\/\/www.plurinominal.com.mx\/index.php?rest_route=%2Fwp%2Fv2%2Ftags&post=534"}],"curies":[{"name":"wp","href":"https:\/\/api.w.org\/{rel}","templated":true}]}}