{"id":567,"date":"2011-11-21T21:40:23","date_gmt":"2011-11-22T03:40:23","guid":{"rendered":"http:\/\/www.plurinominal.com.mx\/?p=567"},"modified":"2011-11-21T21:40:47","modified_gmt":"2011-11-22T03:40:47","slug":"se-mato-hombre-del-sauz","status":"publish","type":"post","link":"https:\/\/www.plurinominal.com.mx\/?p=567","title":{"rendered":"Se mat\u00f3 hombre del Sa\u00faz"},"content":{"rendered":"<p>Debido a un accidente con su propio veh\u00edculo un hombre originario de la comunidad del Sa\u00faz, muri\u00f3 este lunes. Sus familiares lo trasladaron a la cl\u00ednica de esta ciudad donde lleg\u00f3 sin vida. <\/p>\n","protected":false},"excerpt":{"rendered":"<p>Debido a un accidente con su propio veh\u00edculo un hombre originario de la comunidad del Sa\u00faz, muri\u00f3 este lunes. Sus familiares lo trasladaron a la cl\u00ednica de esta ciudad donde&#8230;<\/p>\n","protected":false},"author":1,"featured_media":568,"comment_status":"closed","ping_status":"open","sticky":false,"template":"","format":"standard","meta":{"footnotes":""},"categories":[3],"tags":[],"class_list":["post-567","post","type-post","status-publish","format-standard","has-post-thumbnail","hentry","category-cerritos","entry","simple"],"_links":{"self":[{"href":"https:\/\/www.plurinominal.com.mx\/index.php?rest_route=\/wp\/v2\/posts\/567","targetHints":{"allow":["GET"]}}],"collection":[{"href":"https:\/\/www.plurinominal.com.mx\/index.php?rest_route=\/wp\/v2\/posts"}],"about":[{"href":"https:\/\/www.plurinominal.com.mx\/index.php?rest_route=\/wp\/v2\/types\/post"}],"author":[{"embeddable":true,"href":"https:\/\/www.plurinominal.com.mx\/index.php?rest_route=\/wp\/v2\/users\/1"}],"replies":[{"embeddable":true,"href":"https:\/\/www.plurinominal.com.mx\/index.php?rest_route=%2Fwp%2Fv2%2Fcomments&post=567"}],"version-history":[{"count":0,"href":"https:\/\/www.plurinominal.com.mx\/index.php?rest_route=\/wp\/v2\/posts\/567\/revisions"}],"wp:featuredmedia":[{"embeddable":true,"href":"https:\/\/www.plurinominal.com.mx\/index.php?rest_route=\/wp\/v2\/media\/568"}],"wp:attachment":[{"href":"https:\/\/www.plurinominal.com.mx\/index.php?rest_route=%2Fwp%2Fv2%2Fmedia&parent=567"}],"wp:term":[{"taxonomy":"category","embeddable":true,"href":"https:\/\/www.plurinominal.com.mx\/index.php?rest_route=%2Fwp%2Fv2%2Fcategories&post=567"},{"taxonomy":"post_tag","embeddable":true,"href":"https:\/\/www.plurinominal.com.mx\/index.php?rest_route=%2Fwp%2Fv2%2Ftags&post=567"}],"curies":[{"name":"wp","href":"https:\/\/api.w.org\/{rel}","templated":true}]}}