{"id":576,"date":"2011-11-12T02:01:48","date_gmt":"2011-11-12T08:01:48","guid":{"rendered":"http:\/\/www.plurinominal.com.mx\/?p=576"},"modified":"2011-11-22T02:02:40","modified_gmt":"2011-11-22T08:02:40","slug":"abuchearon-a-sara-rocha-%e2%80%9cdirigente-de-las-mujeres-priistas-del-estado%e2%80%9d-2","status":"publish","type":"post","link":"https:\/\/www.plurinominal.com.mx\/?p=576","title":{"rendered":"Abuchearon a Sara Rocha, \u201cdirigente de las mujeres pri\u00edstas del estado\u201d"},"content":{"rendered":"<p>En las oficinas del partido, grupo de mujeres se inconform\u00f3 con su presencia <\/p>\n<p>Marco Serna<br \/>\nGrupo de mujeres pri\u00edstas que se ubicaron al lado del ex presidente Salvador Mart\u00ednez Sifuentes y Leticia V\u00e1zquez, abuchearon a Sara Rocha Medina, dirigente \u201cde las pri\u00edstas en el estado\u201d durante el acto de la toma formal de protesta de la nueva dirigencia tricolor.<br \/>\nEste jueves 10 de noviembre a las 13:42 horas, apenas se daban a conocer los nombres de quienes acompa\u00f1aban en la mesa de honor a Fernando P\u00e9rez Espinoza para presidir el acto cuando sucedi\u00f3 el alboroto.<br \/>\nPrimeramente se nombr\u00f3 al dirigente estatal. Le sigui\u00f3 el turno a Rosa Mar\u00eda Huerta, Secretaria General del Comit\u00e9 Directivo Estatal (CDE), Ra\u00fal Gallegos, Secretario de Administraci\u00f3n, Oswaldo Torres Delgado, subsecretario de Proyectos \u2014todos del CDE\u2014, y Edgar Dur\u00f3n, Secretario de la CNOP en SLP.<br \/>\nAl tocar el turno a la \u201cDirigente de las mujeres en el estado\u201d, Sara Rocha recibi\u00f3 el abucheo que la hizo emitir gestos de verg\u00fcenza. No le qued\u00f3 otra que disimular la burla, secrete\u00e1ndose con \u201cel de al lado\u201d.<br \/>\n\u201cFuera, fuera, fuera\u201d, gritaron al un\u00edsono las se\u00f1oras, antes de presentar a los integrantes de la nueva dirigencia municipal.<br \/>\nAl intentar conseguir informaci\u00f3n sobre lo sucedido, se indic\u00f3 a este medio que todo se debi\u00f3 a \u201cdiferencias de opini\u00f3n con el grupo de f\u00e9minas\u201d que se ubicaron a un costado del ex alcalde de las cuales se ignoran sus generales.<\/p>\n","protected":false},"excerpt":{"rendered":"<p>En las oficinas del partido, grupo de mujeres se inconform\u00f3 con su presencia Marco Serna Grupo de mujeres pri\u00edstas que se ubicaron al lado del ex presidente Salvador Mart\u00ednez Sifuentes&#8230;<\/p>\n","protected":false},"author":1,"featured_media":0,"comment_status":"closed","ping_status":"open","sticky":false,"template":"","format":"standard","meta":{"footnotes":""},"categories":[3],"tags":[52,255],"class_list":["post-576","post","type-post","status-publish","format-standard","hentry","category-cerritos","tag-pri","tag-sara-rocha","entry","simple"],"_links":{"self":[{"href":"https:\/\/www.plurinominal.com.mx\/index.php?rest_route=\/wp\/v2\/posts\/576","targetHints":{"allow":["GET"]}}],"collection":[{"href":"https:\/\/www.plurinominal.com.mx\/index.php?rest_route=\/wp\/v2\/posts"}],"about":[{"href":"https:\/\/www.plurinominal.com.mx\/index.php?rest_route=\/wp\/v2\/types\/post"}],"author":[{"embeddable":true,"href":"https:\/\/www.plurinominal.com.mx\/index.php?rest_route=\/wp\/v2\/users\/1"}],"replies":[{"embeddable":true,"href":"https:\/\/www.plurinominal.com.mx\/index.php?rest_route=%2Fwp%2Fv2%2Fcomments&post=576"}],"version-history":[{"count":0,"href":"https:\/\/www.plurinominal.com.mx\/index.php?rest_route=\/wp\/v2\/posts\/576\/revisions"}],"wp:attachment":[{"href":"https:\/\/www.plurinominal.com.mx\/index.php?rest_route=%2Fwp%2Fv2%2Fmedia&parent=576"}],"wp:term":[{"taxonomy":"category","embeddable":true,"href":"https:\/\/www.plurinominal.com.mx\/index.php?rest_route=%2Fwp%2Fv2%2Fcategories&post=576"},{"taxonomy":"post_tag","embeddable":true,"href":"https:\/\/www.plurinominal.com.mx\/index.php?rest_route=%2Fwp%2Fv2%2Ftags&post=576"}],"curies":[{"name":"wp","href":"https:\/\/api.w.org\/{rel}","templated":true}]}}