{"id":588,"date":"2011-11-13T02:07:37","date_gmt":"2011-11-13T08:07:37","guid":{"rendered":"http:\/\/www.plurinominal.com.mx\/?p=588"},"modified":"2011-11-22T02:08:05","modified_gmt":"2011-11-22T08:08:05","slug":"en-reunion-de-seguridad-publica-se-acordo-la-conformacion-del-comite-ciudadano-de-derechos-humanos","status":"publish","type":"post","link":"https:\/\/www.plurinominal.com.mx\/?p=588","title":{"rendered":"En reuni\u00f3n de Seguridad P\u00fablica se acord\u00f3 la conformaci\u00f3n del Comit\u00e9 Ciudadano de Derechos Humanos"},"content":{"rendered":"<p>Tambi\u00e9n se convino permitir la venta de hasta 20 cartones de cerveza en eventos deportivos <\/p>\n<p>Ma. del Carmen V.<br \/>\nEn la reuni\u00f3n de Seguridad P\u00fablica del mi\u00e9rcoles 9 de octubre, se acord\u00f3 la conformaci\u00f3n de un Comit\u00e9 Ciudadano de Derechos Humanos.<br \/>\nLo anterior debido a los abusos policiacos que se han hecho p\u00fablicos en los medios de comunicaci\u00f3n.<br \/>\nSe mencion\u00f3 durante la reuni\u00f3n que el comit\u00e9 debe conformarse en todos los municipios, por este motivo deber\u00e1 de integrarse una lista con los nombres de los integrantes.<br \/>\nSe inform\u00f3 a Plurinominal, que debido a las quejas ciudadanas, previamente los Consejeros platicaron con la Secretaria General del Ayuntamiento, \u2014Profesora Norma Quintero Flores\u2014 y el Contador Tom\u00e1s D\u00edaz. Ambos mencionaron que ni siquiera conocen al Defensor de Oficio, con quien intentar\u00e1n tocar un di\u00e1logo encaminado a \u201cla impartici\u00f3n de justicia local\u201d.<br \/>\nAdem\u00e1s, en la reuni\u00f3n se tomaron importantes acuerdos para moderar la venta de bebidas alcoh\u00f3licas en eventos deportivos.<br \/>\nSolamente se permitir\u00e1 vender hasta 20 cartones durante cualquier partido.<br \/>\nEn otro punto, las corporaciones polic\u00edacas informaron que contin\u00faan con los rondines de vigilancia en lugares conflictivos.<br \/>\nSe revel\u00f3 que el barrio de la Santa Cruz, la colonia Guadalupe y San Juan, son las zonas m\u00e1s conflictivas.<br \/>\nEl delito que se ha incrementado a \u00faltimas fechas es el de \u201cviolencia intrafamiliar\u201d.<br \/>\nLa Agente del Ministerio P\u00fablico, Adriana Moya explic\u00f3 que despu\u00e9s de que se recibe la denuncia \u2014 y la consignaci\u00f3n del detenido\u2014 en la Agencia del Ministerio P\u00fablico, \u201cya no se puede retirar\u201d y el acusado debe de ser puesto a disposici\u00f3n del juez o liberado mediante una fianza, la cual generalmente es alta.<br \/>\nEn la reuni\u00f3n estuvo presente el Agente Ministerial Blas Valad\u00e9s, como nuevo Comandante de la Polic\u00eda Ministerial del Estado, destacamentada en este municipio.<br \/>\nAcudieron tambi\u00e9n a la reuni\u00f3n el Director de Seguridad P\u00fablica Municipal, Antonio Chiquito P\u00e9rez, Herminio Caballero Director de Protecci\u00f3n Civil, el director del CEREDI Mariano Gonz\u00e1lez, el Contador Tom\u00e1s D\u00edaz, el Coordinador de consejos de seguridad p\u00fablica en la Zona Media, el Presidente del Comit\u00e9 Ciudadano Seguridad P\u00fablica Municipal, Profesor Alfredo Meza Cuevas, el Secretario del Comit\u00e9, Profesor Jos\u00e9 Guti\u00e9rrez Az\u00faa y los vocales Doctor Antonio Valent\u00edn Baltasar y Nazario Ibarra Arg\u00fcello.<\/p>\n","protected":false},"excerpt":{"rendered":"<p>Tambi\u00e9n se convino permitir la venta de hasta 20 cartones de cerveza en eventos deportivos Ma. del Carmen V. En la reuni\u00f3n de Seguridad P\u00fablica del mi\u00e9rcoles 9 de octubre,&#8230;<\/p>\n","protected":false},"author":1,"featured_media":0,"comment_status":"closed","ping_status":"open","sticky":false,"template":"","format":"standard","meta":{"footnotes":""},"categories":[3],"tags":[214],"class_list":["post-588","post","type-post","status-publish","format-standard","hentry","category-cerritos","tag-derechos-humanos","entry","simple"],"_links":{"self":[{"href":"https:\/\/www.plurinominal.com.mx\/index.php?rest_route=\/wp\/v2\/posts\/588","targetHints":{"allow":["GET"]}}],"collection":[{"href":"https:\/\/www.plurinominal.com.mx\/index.php?rest_route=\/wp\/v2\/posts"}],"about":[{"href":"https:\/\/www.plurinominal.com.mx\/index.php?rest_route=\/wp\/v2\/types\/post"}],"author":[{"embeddable":true,"href":"https:\/\/www.plurinominal.com.mx\/index.php?rest_route=\/wp\/v2\/users\/1"}],"replies":[{"embeddable":true,"href":"https:\/\/www.plurinominal.com.mx\/index.php?rest_route=%2Fwp%2Fv2%2Fcomments&post=588"}],"version-history":[{"count":0,"href":"https:\/\/www.plurinominal.com.mx\/index.php?rest_route=\/wp\/v2\/posts\/588\/revisions"}],"wp:attachment":[{"href":"https:\/\/www.plurinominal.com.mx\/index.php?rest_route=%2Fwp%2Fv2%2Fmedia&parent=588"}],"wp:term":[{"taxonomy":"category","embeddable":true,"href":"https:\/\/www.plurinominal.com.mx\/index.php?rest_route=%2Fwp%2Fv2%2Fcategories&post=588"},{"taxonomy":"post_tag","embeddable":true,"href":"https:\/\/www.plurinominal.com.mx\/index.php?rest_route=%2Fwp%2Fv2%2Ftags&post=588"}],"curies":[{"name":"wp","href":"https:\/\/api.w.org\/{rel}","templated":true}]}}