{"id":613,"date":"2011-11-27T09:04:43","date_gmt":"2011-11-27T15:04:43","guid":{"rendered":"http:\/\/www.plurinominal.com.mx\/?p=613"},"modified":"2011-11-28T09:08:00","modified_gmt":"2011-11-28T15:08:00","slug":"%e2%80%9cempresario-del-amaranto%e2%80%9d-declino-en-favor-del-%e2%80%9cnotario%e2%80%9d-confirman-panistas","status":"publish","type":"post","link":"https:\/\/www.plurinominal.com.mx\/?p=613","title":{"rendered":"\u201cEmpresario del amaranto\u201d declin\u00f3 en favor del \u201cNotario\u201d, confirman panistas"},"content":{"rendered":"<p>Promotores de la pre candidatura del \u201cempresario del amaranto\u201d, Julio Reyes Guzm\u00e1n, confirmaron a Plurinominal que el empresario declin\u00f3 en favor del Licenciado Arturo Narv\u00e1ez.<br \/>\nComentaron, que era verdad la decisi\u00f3n, -la cual hab\u00edan manejado anteriormente algunos de los simpatizantes de otros pre candidatos-.<\/p>\n","protected":false},"excerpt":{"rendered":"<p>Promotores de la pre candidatura del \u201cempresario del amaranto\u201d, Julio Reyes Guzm\u00e1n, confirmaron a Plurinominal que el empresario declin\u00f3 en favor del Licenciado Arturo Narv\u00e1ez. Comentaron, que era verdad la&#8230;<\/p>\n","protected":false},"author":1,"featured_media":614,"comment_status":"closed","ping_status":"open","sticky":false,"template":"","format":"standard","meta":{"footnotes":""},"categories":[1],"tags":[35,84,58],"class_list":["post-613","post","type-post","status-publish","format-standard","has-post-thumbnail","hentry","category-cerriles","tag-arturo-narvaez","tag-julio-reyes","tag-pan","entry","simple"],"_links":{"self":[{"href":"https:\/\/www.plurinominal.com.mx\/index.php?rest_route=\/wp\/v2\/posts\/613","targetHints":{"allow":["GET"]}}],"collection":[{"href":"https:\/\/www.plurinominal.com.mx\/index.php?rest_route=\/wp\/v2\/posts"}],"about":[{"href":"https:\/\/www.plurinominal.com.mx\/index.php?rest_route=\/wp\/v2\/types\/post"}],"author":[{"embeddable":true,"href":"https:\/\/www.plurinominal.com.mx\/index.php?rest_route=\/wp\/v2\/users\/1"}],"replies":[{"embeddable":true,"href":"https:\/\/www.plurinominal.com.mx\/index.php?rest_route=%2Fwp%2Fv2%2Fcomments&post=613"}],"version-history":[{"count":0,"href":"https:\/\/www.plurinominal.com.mx\/index.php?rest_route=\/wp\/v2\/posts\/613\/revisions"}],"wp:featuredmedia":[{"embeddable":true,"href":"https:\/\/www.plurinominal.com.mx\/index.php?rest_route=\/wp\/v2\/media\/614"}],"wp:attachment":[{"href":"https:\/\/www.plurinominal.com.mx\/index.php?rest_route=%2Fwp%2Fv2%2Fmedia&parent=613"}],"wp:term":[{"taxonomy":"category","embeddable":true,"href":"https:\/\/www.plurinominal.com.mx\/index.php?rest_route=%2Fwp%2Fv2%2Fcategories&post=613"},{"taxonomy":"post_tag","embeddable":true,"href":"https:\/\/www.plurinominal.com.mx\/index.php?rest_route=%2Fwp%2Fv2%2Ftags&post=613"}],"curies":[{"name":"wp","href":"https:\/\/api.w.org\/{rel}","templated":true}]}}