{"id":63,"date":"2011-10-12T00:29:08","date_gmt":"2011-10-12T00:29:08","guid":{"rendered":"http:\/\/www.plurinominal.com.mx\/?p=63"},"modified":"2011-11-05T00:29:59","modified_gmt":"2011-11-05T00:29:59","slug":"reportan-choque-en-calles-de-villa-juarez","status":"publish","type":"post","link":"https:\/\/www.plurinominal.com.mx\/?p=63","title":{"rendered":"Reportan choque en calles de Villa Ju\u00e1rez"},"content":{"rendered":"<p>No se logr\u00f3 la detenci\u00f3n del responsable<\/p>\n<p>Jos\u00e9 \u00c1ngel Mtz.<\/p>\n<p>Autoridades del municipio de la \u201cVilla\u201d, dieron a conocer detalles sobre un choque ocurrido en una calle, pero aceptaron que no hubo detenidos.<br \/>\nSobre la calle Abasolo, \u2014frente al n\u00famero 350\u2014; el due\u00f1o de un veh\u00edculo marca Mazda, color blanco y modelo 89, dijo que hab\u00eda sido chocado por una persona que supo exactamente de quien se trataba.<br \/>\nReportes de la polic\u00eda refieren que el choque sucedi\u00f3 el domingo y que fue con una camioneta de color guinda de la cual es due\u00f1o Roberto Guerrero, de la comunidad de Palo Seco, el que en estado et\u00edlico provoc\u00f3 el accidente.<br \/>\nLos municipales dieron el reporte a sus superiores, que confirmaron que el accidente sucedi\u00f3 cuando la camioneta del afectado se encontraba estacionada frente al domicilio.<br \/>\nEn eso pas\u00f3 Roberto Guerrero a bordo tambi\u00e9n de su camioneta y choc\u00f3 de frente, aunque no se registraron personas lesionadas.<br \/>\nComo se supo exactamente quien fue el responsable del choque, el due\u00f1o de la unidad que result\u00f3 da\u00f1ada, estar\u00eda buscando una demanda para que le pagaran los da\u00f1os.<\/p>\n","protected":false},"excerpt":{"rendered":"<p>No se logr\u00f3 la detenci\u00f3n del responsable Jos\u00e9 \u00c1ngel Mtz. Autoridades del municipio de la \u201cVilla\u201d, dieron a conocer detalles sobre un choque ocurrido en una calle, pero aceptaron que&#8230;<\/p>\n","protected":false},"author":1,"featured_media":0,"comment_status":"closed","ping_status":"open","sticky":false,"template":"","format":"standard","meta":{"footnotes":""},"categories":[4],"tags":[],"class_list":["post-63","post","type-post","status-publish","format-standard","hentry","category-villa-juarez","entry","simple"],"_links":{"self":[{"href":"https:\/\/www.plurinominal.com.mx\/index.php?rest_route=\/wp\/v2\/posts\/63","targetHints":{"allow":["GET"]}}],"collection":[{"href":"https:\/\/www.plurinominal.com.mx\/index.php?rest_route=\/wp\/v2\/posts"}],"about":[{"href":"https:\/\/www.plurinominal.com.mx\/index.php?rest_route=\/wp\/v2\/types\/post"}],"author":[{"embeddable":true,"href":"https:\/\/www.plurinominal.com.mx\/index.php?rest_route=\/wp\/v2\/users\/1"}],"replies":[{"embeddable":true,"href":"https:\/\/www.plurinominal.com.mx\/index.php?rest_route=%2Fwp%2Fv2%2Fcomments&post=63"}],"version-history":[{"count":0,"href":"https:\/\/www.plurinominal.com.mx\/index.php?rest_route=\/wp\/v2\/posts\/63\/revisions"}],"wp:attachment":[{"href":"https:\/\/www.plurinominal.com.mx\/index.php?rest_route=%2Fwp%2Fv2%2Fmedia&parent=63"}],"wp:term":[{"taxonomy":"category","embeddable":true,"href":"https:\/\/www.plurinominal.com.mx\/index.php?rest_route=%2Fwp%2Fv2%2Fcategories&post=63"},{"taxonomy":"post_tag","embeddable":true,"href":"https:\/\/www.plurinominal.com.mx\/index.php?rest_route=%2Fwp%2Fv2%2Ftags&post=63"}],"curies":[{"name":"wp","href":"https:\/\/api.w.org\/{rel}","templated":true}]}}