{"id":641,"date":"2011-11-15T15:35:21","date_gmt":"2011-11-15T21:35:21","guid":{"rendered":"http:\/\/www.plurinominal.com.mx\/?p=641"},"modified":"2011-11-28T15:35:46","modified_gmt":"2011-11-28T21:35:46","slug":"priistas-no-perciben-%e2%80%9cliderazgo%e2%80%9d-que-los-lleve-a-la-%e2%80%9cunidad-%e2%80%9c","status":"publish","type":"post","link":"https:\/\/www.plurinominal.com.mx\/?p=641","title":{"rendered":"Pri\u00edstas no perciben \u201cliderazgo\u201d que los lleve a la \u201cunidad \u201c"},"content":{"rendered":"<p>Al igual que en otros partidos la dirigencia no es neutral, manifiestan <\/p>\n<p>Ma. del Carmen V. y equipo de redacci\u00f3n<br \/>\nUn d\u00eda despu\u00e9s de la toma de protesta al Comit\u00e9 Directivo Municipal realizada por Fernando P\u00e9rez Espinosa, varios pri\u00edstas \u2014que pidieron no se revelaran sus nombres\u2014, reconocieron que al interior del partido \u201cno se ve un liderazgo concreto que los lleve a la unidad\u201d.<br \/>\nEste viernes 11 de Noviembre, argumentaron, que algunos de los que tienen aspiraciones pol\u00edticas dentro del PRI lo hacen m\u00e1s por inter\u00e9s que por convicci\u00f3n hacia los principios.<br \/>\nEso es lo que impide que haya una verdadera uni\u00f3n entre quienes aspiran a la candidatura.<br \/>\nComentaron, que desde hace tiempo, al igual que en otros partidos los aspirantes participan en una contienda interna que termina en claro divisionismo.<br \/>\nCuando no salen beneficiados por el voto de la ciudadan\u00eda se marchan a otro partido, o se convierten en traidores, fomentando el voto a favor de otra instituci\u00f3n.<br \/>\nExplicaron que adem\u00e1s perjudica que en una elecci\u00f3n participen ciudadanos de las corrientes distintas al PRI, quienes utilizan la estrategia de \u201cvotar por el m\u00e1s d\u00e9bil\u201d.<br \/>\nAgregaron que al igual que en otros partidos, la dirigencia del revolucionario institucional no se est\u00e1 comportando de manera parcial.<br \/>\nParece que todo est\u00e1 manejado para qu\u00e9 nuevamente sea candidato \u201cel mismo\u201d, lo que eso se puede ver inmediatamente, o al menos as\u00ed lo perciben.<br \/>\n\u201cEn reuniones donde hay mucha gente, interviene el Profesor, eso ya est\u00e1 manejado y lo hacen con el fin de que la gente se fije en \u00e9l\u00bb. Denuncian.<br \/>\nPor otro lado, pri\u00edstas de otra corriente interna, han manifestado que si se logra elegir a uno solo, en este caso al Profesor, podr\u00edan salir victoriosos.<br \/>\nAun as\u00ed, otros consideran que se deben buscar otro candidato que represente el triunfo de los pri\u00edstas.<br \/>\nCompararon la votaci\u00f3n obtenida por Jorge Quintero en la pasada contienda, donde sum\u00f3 cerca de 2900 votos.<br \/>\nEn cambio cuando gan\u00f3 Salvador Mart\u00ednez Sifuentes lo hizo con m\u00e1s de 4000 mil.<br \/>\nA trav\u00e9s de este medio, solicitaron a quienes tengan aspiraciones dentro del partido que las externen.<br \/>\nRecordaron que en la pasada contienda uno de los que participaron contra Jorge Quintero, fue Federico Castillo. Algunos declarantes indicaron a Plurinominal, que siguen estando dispuestos a apoyar al notario.<br \/>\nEl jueves, Jorge Quintero agradeci\u00f3 p\u00fablicamente la presencia del Notario en el acto de la toma de protesta.<br \/>\nOtra de las cosas que dijeron los pri\u00edstas, es que la contienda al interior del revolucionario se puede tornar muy cerrada, lo que abre las posibilidades de que surja un tercero en discordia.<br \/>\nAnalizaron que ya en dos ocasiones el Profesor Jorge Quintero se ha manifestado en contra de una imposici\u00f3n. \u201cTal vez est\u00e1 previendo que pudiera surgir un designado desde la capital del estado\u201d. Enfatizaron.<br \/>\nSobre los \u201cex presidentes\u201d, manifestaron que \u00e9stos generalmente tienen poder de convocatoria en relaci\u00f3n a un grupo de personas, que \u201cse hacen hacia donde les indiquen\u201d.<\/p>\n","protected":false},"excerpt":{"rendered":"<p>Al igual que en otros partidos la dirigencia no es neutral, manifiestan Ma. del Carmen V. y equipo de redacci\u00f3n Un d\u00eda despu\u00e9s de la toma de protesta al Comit\u00e9&#8230;<\/p>\n","protected":false},"author":1,"featured_media":0,"comment_status":"closed","ping_status":"open","sticky":false,"template":"","format":"standard","meta":{"footnotes":""},"categories":[1],"tags":[52,350],"class_list":["post-641","post","type-post","status-publish","format-standard","hentry","category-cerriles","tag-pri","tag-unidad","entry","simple"],"_links":{"self":[{"href":"https:\/\/www.plurinominal.com.mx\/index.php?rest_route=\/wp\/v2\/posts\/641","targetHints":{"allow":["GET"]}}],"collection":[{"href":"https:\/\/www.plurinominal.com.mx\/index.php?rest_route=\/wp\/v2\/posts"}],"about":[{"href":"https:\/\/www.plurinominal.com.mx\/index.php?rest_route=\/wp\/v2\/types\/post"}],"author":[{"embeddable":true,"href":"https:\/\/www.plurinominal.com.mx\/index.php?rest_route=\/wp\/v2\/users\/1"}],"replies":[{"embeddable":true,"href":"https:\/\/www.plurinominal.com.mx\/index.php?rest_route=%2Fwp%2Fv2%2Fcomments&post=641"}],"version-history":[{"count":0,"href":"https:\/\/www.plurinominal.com.mx\/index.php?rest_route=\/wp\/v2\/posts\/641\/revisions"}],"wp:attachment":[{"href":"https:\/\/www.plurinominal.com.mx\/index.php?rest_route=%2Fwp%2Fv2%2Fmedia&parent=641"}],"wp:term":[{"taxonomy":"category","embeddable":true,"href":"https:\/\/www.plurinominal.com.mx\/index.php?rest_route=%2Fwp%2Fv2%2Fcategories&post=641"},{"taxonomy":"post_tag","embeddable":true,"href":"https:\/\/www.plurinominal.com.mx\/index.php?rest_route=%2Fwp%2Fv2%2Ftags&post=641"}],"curies":[{"name":"wp","href":"https:\/\/api.w.org\/{rel}","templated":true}]}}