{"id":665,"date":"2011-11-19T15:46:01","date_gmt":"2011-11-19T21:46:01","guid":{"rendered":"http:\/\/www.plurinominal.com.mx\/?p=665"},"modified":"2011-11-28T15:46:23","modified_gmt":"2011-11-28T21:46:23","slug":"universitarios-quieren-edificio-para-la-escuela","status":"publish","type":"post","link":"https:\/\/www.plurinominal.com.mx\/?p=665","title":{"rendered":"Universitarios quieren edificio para la escuela"},"content":{"rendered":"<p>Marco Serna<br \/>\nAprovechando la visita del Secretario de Educaci\u00f3n del Gobierno del Estado, Juan Antonio Mart\u00ednez Mart\u00ednez, estudiantes de la Universidad Intercultural de Cerritos, \u2014anteriormente UNICOM\u2014 aprovecharon para entregar una petici\u00f3n por escrito en relaci\u00f3n a la construcci\u00f3n del edificio.<br \/>\nAcompa\u00f1ados de Maestros de ese centro de estudios, los alumnos esperaron la salida del funcionario en la entrada del Sal\u00f3n Concordia, este jueves 17 de noviembre.<br \/>\nAcompa\u00f1ado del Gobernador, Fernando Toranzo, Antonio Mart\u00ednez Mart\u00ednez acudi\u00f3 a esta cabecera para ser testigo del arranque del programa de Reconversi\u00f3n Tecnol\u00f3gica y Productiva de la zona.<br \/>\nPrimeramente el Secretario de Educaci\u00f3n fue abordado por alumnos del Cbta 123 a pocos metros de ese instituto de educaci\u00f3n media superior.<br \/>\nEn el Sal\u00f3n Concordia, lo esperaba un nutrido n\u00famero de estudiantes y profesores de la Universidad Intercultural quienes le expondr\u00edan los motivos de su petici\u00f3n.<br \/>\nEl proyecto anunciado desde la administraci\u00f3n de Mart\u00ednez Sifuentes, se contempl\u00f3 en su primera etapa a ubicarse cerca de la entrada a este municipio.<br \/>\nParticipar\u00eda tambi\u00e9n la empresa de Cementos, otorgando material.<br \/>\nAunque ya se hab\u00eda dado el arranque formal de los trabajos, \u00e9stos fueron suspendidos.<br \/>\nEn Febrero de 2011, (ver Plurinominal 315), Javier Izaguirre Ruiz, coment\u00f3 que de acuerdo a un estudio, \u201cla primera etapa del edificio universitario, no resistir\u00eda un segundo piso\u201d.<br \/>\nPor ello se detuvo la obra y se utiliz\u00f3 el recurso en la compra de un veh\u00edculo para la Direcci\u00f3n de Seguridad P\u00fablica del municipio.<br \/>\nPersonal especializado que vino desde la capital potosina, indic\u00f3 en el an\u00e1lisis que la obra no resistir\u00eda un piso superior, por ello se decidi\u00f3 suspenderla.<br \/>\n\u201cHasta el momento solo existen varillas\u201d, reconocen funcionarios.<br \/>\nDesde esa fecha, el Departamento de Desarrollo Social se comprometi\u00f3 a corregir el proyecto para dar inicio a la construcci\u00f3n de la obra, para que no presentara problemas futuros.<br \/>\nAsimismo la propuesta de la empresa cementera para proporcionar material sigue firme, pero se desconoce el rumbo de las determinaciones y a la fecha los universitarios exigen un lugar adecuado para tomar clases.<br \/>\nPor su parte, personal de la pasada administraci\u00f3n, revel\u00f3 que la cementera no liber\u00f3 el recurso debido a que las obras ya no continuaron.<br \/>\nEl Secretario de Educaci\u00f3n prometi\u00f3 analizar la petici\u00f3n.<\/p>\n","protected":false},"excerpt":{"rendered":"<p>Marco Serna Aprovechando la visita del Secretario de Educaci\u00f3n del Gobierno del Estado, Juan Antonio Mart\u00ednez Mart\u00ednez, estudiantes de la Universidad Intercultural de Cerritos, \u2014anteriormente UNICOM\u2014 aprovecharon para entregar una&#8230;<\/p>\n","protected":false},"author":1,"featured_media":0,"comment_status":"closed","ping_status":"open","sticky":false,"template":"","format":"standard","meta":{"footnotes":""},"categories":[1],"tags":[71],"class_list":["post-665","post","type-post","status-publish","format-standard","hentry","category-cerriles","tag-universidad-intercultural","entry","simple"],"_links":{"self":[{"href":"https:\/\/www.plurinominal.com.mx\/index.php?rest_route=\/wp\/v2\/posts\/665","targetHints":{"allow":["GET"]}}],"collection":[{"href":"https:\/\/www.plurinominal.com.mx\/index.php?rest_route=\/wp\/v2\/posts"}],"about":[{"href":"https:\/\/www.plurinominal.com.mx\/index.php?rest_route=\/wp\/v2\/types\/post"}],"author":[{"embeddable":true,"href":"https:\/\/www.plurinominal.com.mx\/index.php?rest_route=\/wp\/v2\/users\/1"}],"replies":[{"embeddable":true,"href":"https:\/\/www.plurinominal.com.mx\/index.php?rest_route=%2Fwp%2Fv2%2Fcomments&post=665"}],"version-history":[{"count":0,"href":"https:\/\/www.plurinominal.com.mx\/index.php?rest_route=\/wp\/v2\/posts\/665\/revisions"}],"wp:attachment":[{"href":"https:\/\/www.plurinominal.com.mx\/index.php?rest_route=%2Fwp%2Fv2%2Fmedia&parent=665"}],"wp:term":[{"taxonomy":"category","embeddable":true,"href":"https:\/\/www.plurinominal.com.mx\/index.php?rest_route=%2Fwp%2Fv2%2Fcategories&post=665"},{"taxonomy":"post_tag","embeddable":true,"href":"https:\/\/www.plurinominal.com.mx\/index.php?rest_route=%2Fwp%2Fv2%2Ftags&post=665"}],"curies":[{"name":"wp","href":"https:\/\/api.w.org\/{rel}","templated":true}]}}