{"id":667,"date":"2011-11-23T15:46:38","date_gmt":"2011-11-23T21:46:38","guid":{"rendered":"http:\/\/www.plurinominal.com.mx\/?p=667"},"modified":"2011-11-28T15:47:03","modified_gmt":"2011-11-28T21:47:03","slug":"alumnos-del-cbta-pidieron-al-secretario-de-educacion-mas-aulas","status":"publish","type":"post","link":"https:\/\/www.plurinominal.com.mx\/?p=667","title":{"rendered":"Alumnos del CBTA pidieron al Secretario de Educaci\u00f3n m\u00e1s aulas"},"content":{"rendered":"<p>Ma. del Carmen V; redacci\u00f3n<br \/>\nEl secretario de Educaci\u00f3n de Gobierno del Estado, Juan Antonio Mart\u00ednez Mart\u00ednez, fue abordado por alumnos del CBTA 123 la tarde del jueves 17 de noviembre, quienes pidieron que tome en cuenta las condiciones deplorables que guardan algunas aulas en esa escuela de nivel medio superior que ha obtenido lugares destacados a nivel nacional.<br \/>\nA pocos minutos de las 16:00 horas, Juan Antonio Mart\u00ednez se hizo presente en el lugar donde se llevar\u00eda a cabo la demostraci\u00f3n de maquinaria para el mejoramiento de la producci\u00f3n agr\u00edcola, que se ubic\u00f3 frente al libramiento y a unos pocos metros del Centro de Bachillerato Tecnol\u00f3gico y Agropecuario n\u00famero 123.<br \/>\nAlumnos del CBTA, \u2014encabezados por su Director Juan Manuel Mart\u00ednez S\u00e1nchez, Domitilo Luna y Jes\u00fas Villafuerte\u2014 se entrevistaron con el Secretario de Educaci\u00f3n en el estado y le expusieron las necesidades de infraestructura de la escuela.<br \/>\nLos peticionarios externaron al Secretario, que ese centro educativo en el ciclo anterior obtuvo el primer lugar en la prueba ENLACE, a pesar de las necesidades de infraestructura con que cuenta.<br \/>\nLe manifestaron que utilizan hasta el taller de maquinaria como aula did\u00e1ctica, para dar atenci\u00f3n a todos los alumnos.<br \/>\nEl Secretario de Educaci\u00f3n respondi\u00f3 que pr\u00f3ximamente se instalar\u00e1n invernaderos con tecnolog\u00eda de vanguardia y prometi\u00f3 inspeccionar personalmente la escuela, por eso es fundamental la construcci\u00f3n de m\u00e1s salones.<br \/>\nAntonio Mart\u00ednez dijo que el pr\u00f3ximo a\u00f1o se dar\u00e1 respuesta a las necesidades del CBTA.<br \/>\nEl Secretario de Educaci\u00f3n coment\u00f3 ante los medios de informaci\u00f3n que la prioridad del gobierno del Doctor Fernando Toranzo Fern\u00e1ndez es atender y acabar con el rezago educativo. Por ello se analiza el presupuesto destinado para dar respuesta a las necesidades de infraestructura escolar.<\/p>\n","protected":false},"excerpt":{"rendered":"<p>Ma. del Carmen V; redacci\u00f3n El secretario de Educaci\u00f3n de Gobierno del Estado, Juan Antonio Mart\u00ednez Mart\u00ednez, fue abordado por alumnos del CBTA 123 la tarde del jueves 17 de&#8230;<\/p>\n","protected":false},"author":1,"featured_media":0,"comment_status":"closed","ping_status":"open","sticky":false,"template":"","format":"standard","meta":{"footnotes":""},"categories":[1],"tags":[357,45],"class_list":["post-667","post","type-post","status-publish","format-standard","hentry","category-cerriles","tag-aulas","tag-cbta-123","entry","simple"],"_links":{"self":[{"href":"https:\/\/www.plurinominal.com.mx\/index.php?rest_route=\/wp\/v2\/posts\/667","targetHints":{"allow":["GET"]}}],"collection":[{"href":"https:\/\/www.plurinominal.com.mx\/index.php?rest_route=\/wp\/v2\/posts"}],"about":[{"href":"https:\/\/www.plurinominal.com.mx\/index.php?rest_route=\/wp\/v2\/types\/post"}],"author":[{"embeddable":true,"href":"https:\/\/www.plurinominal.com.mx\/index.php?rest_route=\/wp\/v2\/users\/1"}],"replies":[{"embeddable":true,"href":"https:\/\/www.plurinominal.com.mx\/index.php?rest_route=%2Fwp%2Fv2%2Fcomments&post=667"}],"version-history":[{"count":0,"href":"https:\/\/www.plurinominal.com.mx\/index.php?rest_route=\/wp\/v2\/posts\/667\/revisions"}],"wp:attachment":[{"href":"https:\/\/www.plurinominal.com.mx\/index.php?rest_route=%2Fwp%2Fv2%2Fmedia&parent=667"}],"wp:term":[{"taxonomy":"category","embeddable":true,"href":"https:\/\/www.plurinominal.com.mx\/index.php?rest_route=%2Fwp%2Fv2%2Fcategories&post=667"},{"taxonomy":"post_tag","embeddable":true,"href":"https:\/\/www.plurinominal.com.mx\/index.php?rest_route=%2Fwp%2Fv2%2Ftags&post=667"}],"curies":[{"name":"wp","href":"https:\/\/api.w.org\/{rel}","templated":true}]}}