{"id":68,"date":"2011-10-13T00:31:56","date_gmt":"2011-10-13T00:31:56","guid":{"rendered":"http:\/\/www.plurinominal.com.mx\/?p=68"},"modified":"2011-11-05T00:32:38","modified_gmt":"2011-11-05T00:32:38","slug":"llevaran-a-cabo-operativos-contra-%e2%80%9cbicicleteros-y-motociclistas%e2%80%9d","status":"publish","type":"post","link":"https:\/\/www.plurinominal.com.mx\/?p=68","title":{"rendered":"Llevar\u00e1n a cabo operativos contra \u201cbicicleteros  y motociclistas\u201d"},"content":{"rendered":"<p>Sancionar\u00e1n a quienes transiten en sentido contrario o sin los elementos de seguridad personal<\/p>\n<p>Ma. del Carmen V.<br \/>\nLa Direcci\u00f3n de Seguridad P\u00fablica del Municipio llevar\u00e1 a cabo acciones para concientizar y sancionar a motociclistas y ciclistas.<br \/>\nEl Director Provisional Antonio Chiquito P\u00e9rez, inform\u00f3 que a los que utilizan bicicleta, se les obligar\u00e1 a circular conforme a la vialidad. En cambio a los motociclistas les aplicar\u00e1 el Reglamento de Tr\u00e1nsito Municipal, para obligarlos a portar los elementos de seguridad personal.<br \/>\nChiquito P\u00e9rez, explic\u00f3 que la Direcci\u00f3n de Seguridad P\u00fablica Municipal continuamente lleva a cabo operativos con el objetivo de aplicar lo establecido en el Reglamento de Tr\u00e1nsito.<br \/>\nReconoci\u00f3 que uno de los problemas de vialidad m\u00e1s recurrentes en el municipio cerritense, es que los \u201cbicicleteros\u201d transitan en sentido contrario al que ordena la vialidad de las calles.<br \/>\nSe dijo que la circulaci\u00f3n en contra por parte de conductores de bicicletas puede ocasionar accidentes de funestas consecuencias, mayormente cuando los usuarios transportan a una o m\u00e1s personas y no respetan el paso de los veh\u00edculos.<br \/>\nSe estableci\u00f3, que la medida primeramente se establecer\u00e1 como una forma de llamada de atenci\u00f3n para que los conductores de bicicletas se concienticen de que deben de respetar el sentido de la circulaci\u00f3n. Posteriormente se implementar\u00e1n sanciones de car\u00e1cter econ\u00f3mico para quienes infrinjan la disposici\u00f3n de circular en el sentido que ordenan las calles.<br \/>\nTambi\u00e9n se cuidar\u00e1 que no transporten m\u00e1s personas que las indicadas en el veh\u00edculo.<br \/>\nSe coment\u00f3, que a los conductores de motocicleta se les pedir\u00e1 que porten los elementos necesarios para su seguridad personal como son el casco protector.<br \/>\nTambi\u00e9n ser\u00e1 posible que pudieran usar alg\u00fan tipo de rodilleras u otros implementos que ayuden a su seguridad en caso de un accidente, pero sobre todo se sancionar\u00e1 a los motociclistas que circulen a mayor velocidad o en sentido contrario, ya que ese tipo de transporte se ha incrementado en el municipio con el establecimiento de rutas de distribuci\u00f3n de alimentos como tortillas y jugos.<br \/>\nSobre otras acciones de la corporaci\u00f3n, Antonio Chiquito se\u00f1al\u00f3 que continuar\u00e1n los operativos en diferentes comunidades, donde principalmente se verifica que no exista venta desmedida de bebidas embriagantes o que los parroquianos no cometan faltas administrativas.<br \/>\nSe agreg\u00f3 que tambi\u00e9n se solicita por parte de las comunidades el apoyo de los elementos de la Direcci\u00f3n de Seguridad P\u00fablica Municipal, quienes siempre tratan de dar una respuesta r\u00e1pida, principalmente en lugares que se encuentran retirados de la cabecera municipal.<\/p>\n","protected":false},"excerpt":{"rendered":"<p>Sancionar\u00e1n a quienes transiten en sentido contrario o sin los elementos de seguridad personal Ma. del Carmen V. La Direcci\u00f3n de Seguridad P\u00fablica del Municipio llevar\u00e1 a cabo acciones para&#8230;<\/p>\n","protected":false},"author":1,"featured_media":0,"comment_status":"closed","ping_status":"open","sticky":false,"template":"","format":"standard","meta":{"footnotes":""},"categories":[3],"tags":[14,13],"class_list":["post-68","post","type-post","status-publish","format-standard","hentry","category-cerritos","tag-antonio-chiquito-perez","tag-dgspm","entry","simple"],"_links":{"self":[{"href":"https:\/\/www.plurinominal.com.mx\/index.php?rest_route=\/wp\/v2\/posts\/68","targetHints":{"allow":["GET"]}}],"collection":[{"href":"https:\/\/www.plurinominal.com.mx\/index.php?rest_route=\/wp\/v2\/posts"}],"about":[{"href":"https:\/\/www.plurinominal.com.mx\/index.php?rest_route=\/wp\/v2\/types\/post"}],"author":[{"embeddable":true,"href":"https:\/\/www.plurinominal.com.mx\/index.php?rest_route=\/wp\/v2\/users\/1"}],"replies":[{"embeddable":true,"href":"https:\/\/www.plurinominal.com.mx\/index.php?rest_route=%2Fwp%2Fv2%2Fcomments&post=68"}],"version-history":[{"count":0,"href":"https:\/\/www.plurinominal.com.mx\/index.php?rest_route=\/wp\/v2\/posts\/68\/revisions"}],"wp:attachment":[{"href":"https:\/\/www.plurinominal.com.mx\/index.php?rest_route=%2Fwp%2Fv2%2Fmedia&parent=68"}],"wp:term":[{"taxonomy":"category","embeddable":true,"href":"https:\/\/www.plurinominal.com.mx\/index.php?rest_route=%2Fwp%2Fv2%2Fcategories&post=68"},{"taxonomy":"post_tag","embeddable":true,"href":"https:\/\/www.plurinominal.com.mx\/index.php?rest_route=%2Fwp%2Fv2%2Ftags&post=68"}],"curies":[{"name":"wp","href":"https:\/\/api.w.org\/{rel}","templated":true}]}}