{"id":709,"date":"2011-11-29T13:14:42","date_gmt":"2011-11-29T19:14:42","guid":{"rendered":"http:\/\/www.plurinominal.com.mx\/?p=709"},"modified":"2011-12-09T12:34:47","modified_gmt":"2011-12-09T18:34:47","slug":"leticia-vazquez-hernandez-coordinadora-de-mujeres-comprometidas-ac-en-la-zona-media","status":"publish","type":"post","link":"https:\/\/www.plurinominal.com.mx\/?p=709","title":{"rendered":"Leticia V\u00e1zquez Hern\u00e1ndez,  Coordinadora de Mujeres Comprometidas AC en la Zona Media"},"content":{"rendered":"<p>Ma. del C. Valero<br \/>\nLeticia V\u00e1zquez Hern\u00e1ndez es Coordinadora de la \u201cAsociaci\u00f3n Civil Mujeres Comprometidas\u201d, en todos los municipios de la Zona Media, el nombramiento lo recibi\u00f3 en manos de la Presidenta Nacional de la Asociaci\u00f3n, Vianney Izusa.<br \/>\nLa sociedad naci\u00f3 en el Estado de M\u00e9xico y fue fundada por simpatizantes de Enrique Pe\u00f1a Nieto.<br \/>\nEn la actualidad se est\u00e1 desplegando por toda la naci\u00f3n un programa de capacitaci\u00f3n sobre el procesamiento del frijol de soya para producir leche. V\u00e1zquez Hern\u00e1ndez inform\u00f3 a Plurinominal, que el programa arranc\u00f3 en el mes de febrero en la ciudad de San Luis Potos\u00ed.<br \/>\nEn esa ocasi\u00f3n hicieron el viaje muchas mujeres de este municipio, las cuales alquilaron un autob\u00fas, (para ser precisos el Domingo de Ramos).<br \/>\nCerritos fue el anfitri\u00f3n del evento que se realiz\u00f3 en la \u00abHacienda Almaz\u00e1n\u00bb, donde se propuso a la Licenciada para que fuera la Coordinadora de la Asociaci\u00f3n en toda la Zona Media.<br \/>\nEn la actualidad, la Coordinadora de Mujeres Comprometidas ha formado comit\u00e9s en Villa de Arista, San Ciro de Acosta, C\u00e1rdenas y el domingo cuatro de diciembre, estar\u00e1 conformando los comit\u00e9s de los municipios de Ciudad Fern\u00e1ndez y Rioverde.<br \/>\nEste s\u00e1bado 26 de noviembre, Leticia V\u00e1zquez visit\u00f3 varias comunidades del municipio de Cerritos como Joya de Luna, -donde estuvo a las 10 de la ma\u00f1ana-, Manzanillas -a las 12 del d\u00eda-, a las dos de la tarde en San Pedro de los Hern\u00e1ndez y a las cinco finaliz\u00f3 su recorrido en la comunidad de Ojo de Agua.<br \/>\nEn todas estas comunidades nombr\u00f3 representantes de los comit\u00e9s de Mujeres Comprometidas. Logr\u00f3 la inscripci\u00f3n de 100 personas del sexo femenino para la asociaci\u00f3n.<br \/>\nLa Coordinadora detall\u00f3, que mediante el programa de procesamiento de la soya se ense\u00f1a a las mujeres a obtener leche a partir de esa gram\u00ednea.<br \/>\nEl frijol de soya se deja en agua de 12 a 14 horas para que crezca alrededor de tres o cuatro veces su tama\u00f1o, luego se lic\u00faa y se exprime pero se le agrega una raja de canela, para el sabor y una pizca de sal.<br \/>\nLa leche de soya, sirve para combatir la obesidad y eliminar las enfermedades cardiovasculares, ya que no posee ni un gramo de grasa y ayuda a la econom\u00eda familiar.<br \/>\nCon un kilo se pueden hacer hasta 8 litros de leche.<br \/>\nNada se desperdicia. Con lo que queda se puede hacer chorizo y hasta picadillo.<br \/>\nLa espuma del licuado se utiliza como mascarilla, y \u00abtodo tiene provecho\u00bb, dijo V\u00e1zquez Hern\u00e1ndez.<br \/>\nEspecific\u00f3 que el programa es un proyecto a nivel nacional y se pretende que tambi\u00e9n exista producci\u00f3n entre el campesinado.<br \/>\nLa producci\u00f3n de la soya localmente es el segundo paso del proyecto, pues dijo que el primero es darlo a conocer para que la gente cambie sus h\u00e1bitos alimenticios.<br \/>\nOtro de los programas que est\u00e1 manejando Mujeres Comprometidas A.C. es la obtenci\u00f3n de descuentos a trav\u00e9s de la credencial de afiliaci\u00f3n.<br \/>\nA la fecha ya se han firmado convenios a nivel nacional con tiendas de autoservicio, empresas y hasta hospitales.<br \/>\nLos descuentos de 20 o 25% se aplican para toda mujer que pertenece al grupo.<br \/>\nSe\u00f1al\u00f3 la Coordinadora que las interesadas deben de presentar la credencial de elector y se les entrega un folio para que la credencial quede reconocida a nivel nacional.<br \/>\nLeticia V\u00e1zquez Hern\u00e1ndez, el s\u00e1bado por la noche viaj\u00f3 a la ciudad de M\u00e9xico para asistir al registro de Enrique pe\u00f1a Nieto como candidato del Partido Revolucionario Institucional a la Presidencia de la Rep\u00fablica, el cual se realizar\u00eda este domingo 27 de noviembre. Fue invitada por la l\u00edder de la Asociaci\u00f3n Civil Mujeres Comprometidas.<\/p>\n","protected":false},"excerpt":{"rendered":"<p>Ma. del C. Valero Leticia V\u00e1zquez Hern\u00e1ndez es Coordinadora de la \u201cAsociaci\u00f3n Civil Mujeres Comprometidas\u201d, en todos los municipios de la Zona Media, el nombramiento lo recibi\u00f3 en manos de&#8230;<\/p>\n","protected":false},"author":1,"featured_media":0,"comment_status":"closed","ping_status":"open","sticky":false,"template":"","format":"standard","meta":{"footnotes":""},"categories":[3],"tags":[254,362],"class_list":["post-709","post","type-post","status-publish","format-standard","hentry","category-cerritos","tag-leticia-vazquez","tag-mujeres-comprometidas-ac","entry","simple"],"_links":{"self":[{"href":"https:\/\/www.plurinominal.com.mx\/index.php?rest_route=\/wp\/v2\/posts\/709","targetHints":{"allow":["GET"]}}],"collection":[{"href":"https:\/\/www.plurinominal.com.mx\/index.php?rest_route=\/wp\/v2\/posts"}],"about":[{"href":"https:\/\/www.plurinominal.com.mx\/index.php?rest_route=\/wp\/v2\/types\/post"}],"author":[{"embeddable":true,"href":"https:\/\/www.plurinominal.com.mx\/index.php?rest_route=\/wp\/v2\/users\/1"}],"replies":[{"embeddable":true,"href":"https:\/\/www.plurinominal.com.mx\/index.php?rest_route=%2Fwp%2Fv2%2Fcomments&post=709"}],"version-history":[{"count":0,"href":"https:\/\/www.plurinominal.com.mx\/index.php?rest_route=\/wp\/v2\/posts\/709\/revisions"}],"wp:attachment":[{"href":"https:\/\/www.plurinominal.com.mx\/index.php?rest_route=%2Fwp%2Fv2%2Fmedia&parent=709"}],"wp:term":[{"taxonomy":"category","embeddable":true,"href":"https:\/\/www.plurinominal.com.mx\/index.php?rest_route=%2Fwp%2Fv2%2Fcategories&post=709"},{"taxonomy":"post_tag","embeddable":true,"href":"https:\/\/www.plurinominal.com.mx\/index.php?rest_route=%2Fwp%2Fv2%2Ftags&post=709"}],"curies":[{"name":"wp","href":"https:\/\/api.w.org\/{rel}","templated":true}]}}