{"id":729,"date":"2011-12-02T14:56:06","date_gmt":"2011-12-02T20:56:06","guid":{"rendered":"http:\/\/www.plurinominal.com.mx\/?p=729"},"modified":"2011-12-02T14:56:06","modified_gmt":"2011-12-02T20:56:06","slug":"arranco-programa-%e2%80%9cbienvenido-paisano%e2%80%9d","status":"publish","type":"post","link":"https:\/\/www.plurinominal.com.mx\/?p=729","title":{"rendered":"Arranc\u00f3 programa \u201cBienvenido Paisano\u201d"},"content":{"rendered":"<p>Erasmo Galv\u00e1n Nieto y \u00c1lvaro Gustavo Jim\u00e9nez (ediles de Cerritos y Guadalc\u00e1zar) acudieron hoy al entronque El Huizache, d\u00f3nde se dio el banderazo inicial del programa \u201cBienvenido Paisano\u201d.<\/p>\n","protected":false},"excerpt":{"rendered":"<p>Erasmo Galv\u00e1n Nieto y \u00c1lvaro Gustavo Jim\u00e9nez (ediles de Cerritos y Guadalc\u00e1zar) acudieron hoy al entronque El Huizache, d\u00f3nde se dio el banderazo inicial del programa \u201cBienvenido Paisano\u201d.<\/p>\n","protected":false},"author":1,"featured_media":0,"comment_status":"closed","ping_status":"open","sticky":false,"template":"","format":"standard","meta":{"footnotes":""},"categories":[3,6],"tags":[367,366],"class_list":["post-729","post","type-post","status-publish","format-standard","hentry","category-cerritos","category-guadalcazar","tag-bienvenido-paisano","tag-el-huizache","entry","simple"],"_links":{"self":[{"href":"https:\/\/www.plurinominal.com.mx\/index.php?rest_route=\/wp\/v2\/posts\/729","targetHints":{"allow":["GET"]}}],"collection":[{"href":"https:\/\/www.plurinominal.com.mx\/index.php?rest_route=\/wp\/v2\/posts"}],"about":[{"href":"https:\/\/www.plurinominal.com.mx\/index.php?rest_route=\/wp\/v2\/types\/post"}],"author":[{"embeddable":true,"href":"https:\/\/www.plurinominal.com.mx\/index.php?rest_route=\/wp\/v2\/users\/1"}],"replies":[{"embeddable":true,"href":"https:\/\/www.plurinominal.com.mx\/index.php?rest_route=%2Fwp%2Fv2%2Fcomments&post=729"}],"version-history":[{"count":0,"href":"https:\/\/www.plurinominal.com.mx\/index.php?rest_route=\/wp\/v2\/posts\/729\/revisions"}],"wp:attachment":[{"href":"https:\/\/www.plurinominal.com.mx\/index.php?rest_route=%2Fwp%2Fv2%2Fmedia&parent=729"}],"wp:term":[{"taxonomy":"category","embeddable":true,"href":"https:\/\/www.plurinominal.com.mx\/index.php?rest_route=%2Fwp%2Fv2%2Fcategories&post=729"},{"taxonomy":"post_tag","embeddable":true,"href":"https:\/\/www.plurinominal.com.mx\/index.php?rest_route=%2Fwp%2Fv2%2Ftags&post=729"}],"curies":[{"name":"wp","href":"https:\/\/api.w.org\/{rel}","templated":true}]}}