{"id":738,"date":"2011-12-03T10:14:25","date_gmt":"2011-12-03T16:14:25","guid":{"rendered":"http:\/\/www.plurinominal.com.mx\/?p=738"},"modified":"2011-12-03T10:14:25","modified_gmt":"2011-12-03T16:14:25","slug":"invitan-a-participar-en-el-concurso-carta-a-mis-padres-2011","status":"publish","type":"post","link":"https:\/\/www.plurinominal.com.mx\/?p=738","title":{"rendered":"Invitan a participar en el concurso \u00abCarta a mis padres 2011\u00bb"},"content":{"rendered":"<p>El premio consiste en un viaje a Jap\u00f3n <\/p>\n<p>Ma. del Carmen V.<br \/>\nEl Partido Verde Ecologista a trav\u00e9s de la organizaci\u00f3n denominada \u00abVerde Joven\u00bb y \u201cReiyukai de M\u00e9xico A.C.\u201d as\u00ed como el \u201cHonorable Congreso del Estado de San Luis Potos\u00ed\u201d invitan a todos los cerritenses a participar en la fase estatal del concurso anual denominado \u00abCarta a mis Padres\u201d.<br \/>\nEl concurso tiene por objetivo favorecer la comunicaci\u00f3n entre padres e hijos, as\u00ed como trabajar en acciones preventivas y eficaces para la integraci\u00f3n familiar que ayuden a mejorar el bienestar de las familias potosinas y poder proporcionar al joven un medio para canalizar positivamente sus desencuentros familiares, personales y sociales.<br \/>\nLas instituciones han lanzado una convocatoria donde podr\u00e1n participar todos los potosinos entre 15 y 25 a\u00f1os de edad que se encuentren estudiando actualmente en el estado de San Luis, sin distinci\u00f3n de grado o instituci\u00f3n.<br \/>\nUna de las cl\u00e1usulas menciona, que no podr\u00e1n participar los j\u00f3venes que en a\u00f1os anteriores hayan sido seleccionados dentro de los primeros tres lugares en la fase final.<br \/>\nLa participaci\u00f3n es completamente individual y consiste en escribir una carta a la madre, al padre o a ambos, en la que se describa alg\u00fan aspecto importante de experiencia familiar, dando una propuesta concreta de c\u00f3mo mejorar la relaci\u00f3n padre-hijo.<br \/>\nEn el concurso no se trata solamente de hacer una carta de agradecimiento o de adulaci\u00f3n, sino de plasmar una experiencia que lleve a resolver un problema de comunicaci\u00f3n intrafamiliar, los temas son libres, pero podr\u00e1n basarse en: \u00abC\u00f3mo mejorar nuestra relaci\u00f3n\u00bb. \u00abEl valor que ustedes tienen para m\u00ed\u00bb. \u00abLo que anhelo de nuestra relaci\u00f3n\u00bb. \u00abPor favor&#8230; esc\u00fachenme\u00bb.<br \/>\nLa convocatoria establece, que la carta debe escribirse a m\u00e1quina o computadora a doble espacio y con una extensi\u00f3n m\u00ednima de una cuartilla y m\u00e1xima de tres.<br \/>\nAdem\u00e1s deber\u00e1 anexarse una hoja con los datos: nombre completo, apellido paterno, materno, direcci\u00f3n con calle y n\u00famero, colonia, localidad, municipio, c\u00f3digo postal con tel\u00e9fono y \/o celular, si no se cuenta con tel\u00e9fono propio puede proporcionar alguno donde se le pueda localizar, correo electr\u00f3nico (no indispensable), edad y fecha de nacimiento, as\u00ed como el nombre de la instituci\u00f3n donde se estudia, nombre del director de la instituci\u00f3n y grado que cursa.<br \/>\nEl criterio de valuaci\u00f3n se basa en la calidad del mensaje el cual deber\u00e1 ser una propuesta de c\u00f3mo mejorar la relaci\u00f3n entre padres e hijos, haciendo una evaluaci\u00f3n de los errores y aciertos de la misma, con la finalidad de dar soluci\u00f3n al problema o bien, resaltar la buena relaci\u00f3n entre los miebros de la familia.<br \/>\nDebe de haber sencillez en la expresi\u00f3n, el mensaje debe ser claro y directo, pero se debe de cuidar la sintaxis, ya que la carta deber\u00e1 tener una secuencia coherente y clara.<br \/>\nCarlos Ruiz, representante de la instituci\u00f3n pol\u00edtica, se\u00f1al\u00f3 que los trabajos se har\u00e1n llegar directamente a Julio Betancourt 510, colonia Jard\u00edn, San Luis Potos\u00ed, S.L.P; C\u00f3digo Postal 78270, tel\u00e9fono 014448130702 o mediante correo electr\u00f3nico a las siguientes direcciones: Web: www.verdejoven.org.mx o al correo: carta@verdejoven.org.mx<br \/>\nLa convocatoria fue abierta el 10 de octubre y se cerrar\u00e1 el 16 de diciembre, durante ese periodo, cada escuela o los autores en particular deber\u00e1n enviar sus trabajos y el jurado har\u00e1 una primera selecci\u00f3n para escoger a un participante por instituci\u00f3n educativa, los representantes de cada escuela entrar\u00e1n en un segundo proceso de selecci\u00f3n para escoger a un participante de cada municipio, quienes presentar\u00e1n sus trabajos en un tercer proceso para escoger a los semifinalistas, primero, segundo y tercer lugar de cada una de las cuatro zonas del estado.<br \/>\nLos ganadores de cada zona participar\u00e1n en la gran final que tendr\u00e1 lugar el 17 de marzo del 2012, en la ciudad de San Luis Potos\u00ed, en donde se expondr\u00e1n ante el jurado los trabajos para la selecci\u00f3n de la carta ganadora.<br \/>\nLos tres primeros lugares del concurso estatal participar\u00e1n en el viaje de intercambio cultural juvenil M\u00e9xico-Jap\u00f3n que se realizar\u00e1 en el mes de abril del 2012, visitando ciudades representativas como Tokio, Hiroshima y Osaka, donde intercambiar\u00e1n experiencias con j\u00f3venes japoneses y autoridades civiles y educativas de aquel pa\u00eds.<\/p>\n","protected":false},"excerpt":{"rendered":"<p>El premio consiste en un viaje a Jap\u00f3n Ma. del Carmen V. El Partido Verde Ecologista a trav\u00e9s de la organizaci\u00f3n denominada \u00abVerde Joven\u00bb y \u201cReiyukai de M\u00e9xico A.C.\u201d as\u00ed&#8230;<\/p>\n","protected":false},"author":1,"featured_media":0,"comment_status":"closed","ping_status":"open","sticky":false,"template":"","format":"standard","meta":{"footnotes":""},"categories":[3,6,4],"tags":[371,370],"class_list":["post-738","post","type-post","status-publish","format-standard","hentry","category-cerritos","category-guadalcazar","category-villa-juarez","tag-carlos-ruiz","tag-partido-verde","entry","simple"],"_links":{"self":[{"href":"https:\/\/www.plurinominal.com.mx\/index.php?rest_route=\/wp\/v2\/posts\/738","targetHints":{"allow":["GET"]}}],"collection":[{"href":"https:\/\/www.plurinominal.com.mx\/index.php?rest_route=\/wp\/v2\/posts"}],"about":[{"href":"https:\/\/www.plurinominal.com.mx\/index.php?rest_route=\/wp\/v2\/types\/post"}],"author":[{"embeddable":true,"href":"https:\/\/www.plurinominal.com.mx\/index.php?rest_route=\/wp\/v2\/users\/1"}],"replies":[{"embeddable":true,"href":"https:\/\/www.plurinominal.com.mx\/index.php?rest_route=%2Fwp%2Fv2%2Fcomments&post=738"}],"version-history":[{"count":0,"href":"https:\/\/www.plurinominal.com.mx\/index.php?rest_route=\/wp\/v2\/posts\/738\/revisions"}],"wp:attachment":[{"href":"https:\/\/www.plurinominal.com.mx\/index.php?rest_route=%2Fwp%2Fv2%2Fmedia&parent=738"}],"wp:term":[{"taxonomy":"category","embeddable":true,"href":"https:\/\/www.plurinominal.com.mx\/index.php?rest_route=%2Fwp%2Fv2%2Fcategories&post=738"},{"taxonomy":"post_tag","embeddable":true,"href":"https:\/\/www.plurinominal.com.mx\/index.php?rest_route=%2Fwp%2Fv2%2Ftags&post=738"}],"curies":[{"name":"wp","href":"https:\/\/api.w.org\/{rel}","templated":true}]}}