{"id":746,"date":"2011-11-27T20:07:05","date_gmt":"2011-11-28T02:07:05","guid":{"rendered":"http:\/\/www.plurinominal.com.mx\/?p=746"},"modified":"2011-12-03T20:07:53","modified_gmt":"2011-12-04T02:07:53","slug":"%e2%80%9cempresario-del-amaranto%e2%80%9d-declino-en-favor-del-%e2%80%9cnotario%e2%80%9d-confirman-panistas-2","status":"publish","type":"post","link":"https:\/\/www.plurinominal.com.mx\/?p=746","title":{"rendered":"\u201cEmpresario del amaranto\u201d declin\u00f3 en favor del \u201cNotario\u201d, confirman panistas"},"content":{"rendered":"<p>Ma. del Carmen V.<br \/>\nPromotores de la pre candidatura del \u201cempresario del amaranto\u201d, Julio Reyes Guzm\u00e1n, confirmaron a Plurinominal que el empresario declin\u00f3 en favor del Licenciado Arturo Narv\u00e1ez.<br \/>\nComentaron, que era verdad la decisi\u00f3n, -la cual hab\u00edan manejado anteriormente algunos de los simpatizantes de otros pre candidatos-.<br \/>\nExplicaron que uno de los factores fue que Reyes Guzm\u00e1n no hab\u00eda remontado en cuanto a las preferencias de los miembros activos del Partido Acci\u00f3n Nacional y ve\u00eda un panorama muy dif\u00edcil en su precandidatura, pero no descartaron que en futuras contiendas se presente como candidato por el mismo partido.<br \/>\nMientras tanto, el empresario trabajar\u00e1 en un proyecto productivo, durante los pr\u00f3ximos tres a\u00f1os, mismo que acarrear\u00e1 beneficios para el municipio. De esa forma el comerciante se posicionar\u00e1 en las preferencias electorales.<br \/>\nPlurinominal logr\u00f3 conocer la posici\u00f3n enfrentada de algunos miembros de AN.<br \/>\nMientras algunos est\u00e1n de acuerdo con la determinaci\u00f3n explicada, a otros no les satisface la declinaci\u00f3n de Julio Reyes y preferir\u00e1n abstenerse hasta conocer al verdadero candidato blanquiazul.<\/p>\n","protected":false},"excerpt":{"rendered":"<p>Ma. del Carmen V. Promotores de la pre candidatura del \u201cempresario del amaranto\u201d, Julio Reyes Guzm\u00e1n, confirmaron a Plurinominal que el empresario declin\u00f3 en favor del Licenciado Arturo Narv\u00e1ez. Comentaron,&#8230;<\/p>\n","protected":false},"author":1,"featured_media":0,"comment_status":"closed","ping_status":"open","sticky":false,"template":"","format":"standard","meta":{"footnotes":""},"categories":[3],"tags":[83,35,84],"class_list":["post-746","post","type-post","status-publish","format-standard","hentry","category-cerritos","tag-amaranto","tag-arturo-narvaez","tag-julio-reyes","entry","simple"],"_links":{"self":[{"href":"https:\/\/www.plurinominal.com.mx\/index.php?rest_route=\/wp\/v2\/posts\/746","targetHints":{"allow":["GET"]}}],"collection":[{"href":"https:\/\/www.plurinominal.com.mx\/index.php?rest_route=\/wp\/v2\/posts"}],"about":[{"href":"https:\/\/www.plurinominal.com.mx\/index.php?rest_route=\/wp\/v2\/types\/post"}],"author":[{"embeddable":true,"href":"https:\/\/www.plurinominal.com.mx\/index.php?rest_route=\/wp\/v2\/users\/1"}],"replies":[{"embeddable":true,"href":"https:\/\/www.plurinominal.com.mx\/index.php?rest_route=%2Fwp%2Fv2%2Fcomments&post=746"}],"version-history":[{"count":0,"href":"https:\/\/www.plurinominal.com.mx\/index.php?rest_route=\/wp\/v2\/posts\/746\/revisions"}],"wp:attachment":[{"href":"https:\/\/www.plurinominal.com.mx\/index.php?rest_route=%2Fwp%2Fv2%2Fmedia&parent=746"}],"wp:term":[{"taxonomy":"category","embeddable":true,"href":"https:\/\/www.plurinominal.com.mx\/index.php?rest_route=%2Fwp%2Fv2%2Fcategories&post=746"},{"taxonomy":"post_tag","embeddable":true,"href":"https:\/\/www.plurinominal.com.mx\/index.php?rest_route=%2Fwp%2Fv2%2Ftags&post=746"}],"curies":[{"name":"wp","href":"https:\/\/api.w.org\/{rel}","templated":true}]}}