{"id":748,"date":"2011-11-30T20:10:03","date_gmt":"2011-12-01T02:10:03","guid":{"rendered":"http:\/\/www.plurinominal.com.mx\/?p=748"},"modified":"2011-12-03T20:10:46","modified_gmt":"2011-12-04T02:10:46","slug":"roban-taller-municipal","status":"publish","type":"post","link":"https:\/\/www.plurinominal.com.mx\/?p=748","title":{"rendered":"Roban taller municipal"},"content":{"rendered":"<p>Se llevaron objeto con valor de m\u00e1s de 80 mil pesos<\/p>\n<p>Ma. del Carmen V.<br \/>\nLa marcha de un vibro compactador con valor de m\u00e1s de 80 mil pesos, fue robada del Taller Municipal.<br \/>\nEste lunes 28 de noviembre, el Departamento de Contralor\u00eda a cargo de Lucio Ramos, recibi\u00f3 la denuncia correspondiente.<br \/>\nAll\u00ed se explic\u00f3 que no se conoce la fecha exacta de la desaparici\u00f3n del artefacto, s\u00f3lo se determin\u00f3 que hace unos d\u00edas se encontraba en reparaci\u00f3n.<br \/>\nEn el taller, se llevaba a cabo el arreglo total de la m\u00e1quina de un veh\u00edculo, para lo cual era necesario desprender la marcha.<br \/>\nLa \u00faltima vez fue vista en el interior del predio, al fondo del local.<br \/>\nUna Comisi\u00f3n que conform\u00f3 el Presidente Municipal para investigar la desaparici\u00f3n del artilugio, determin\u00f3 que la marcha fue arrastrada desde donde se encontraba por aproximadamente 7 metros. Posteriormente fue subida a una camioneta.<br \/>\nReconocieron que a la fecha, muchas de las evidencias ya han sido borradas por el transcurso de los d\u00edas desde que sucedieron los hechos.<br \/>\nAlgunos de los trabajadores del Taller Municipal mencionaron, que el robo pudo suceder el pasado 20 de noviembre.<br \/>\nSe constat\u00f3, que los domingos el vigilante descansa y no hay quien lleve a cabo esas labores, adem\u00e1s se pudo investigar que el velador solamente trabaja durante cinco horas. Entra a las tres de la tarde pero se retira a las ocho y durante la noche no existe ning\u00fan guardia en el lugar.<br \/>\nCon esa informaci\u00f3n se crey\u00f3 que los ladrones tuvieron mucho tiempo para sustraer la pieza. Adem\u00e1s es evidente que conoc\u00edan perfectamente el movimiento en el lugar y sab\u00edan el d\u00eda, hora y momento perfecto para actuar.<br \/>\nEl encargado del Taller Municipal, hasta ocho d\u00edas despu\u00e9s acudi\u00f3 al departamento de Contralor\u00eda para realizar la denuncia sobre la desaparici\u00f3n del objeto, el cual nuevo tiene un valor de m\u00e1s de 80 mil pesos, mientras que usado su costo es cercano a los 40 mil.<br \/>\nDespu\u00e9s de recibir la denuncia, el Contralor Lucio Ramos Reyes y el Director de Recursos Humanos Jos\u00e9 Guadalupe Mart\u00ednez P\u00e9rez, se trasladaron hasta el Taller Municipal tratando de encontrar alguna evidencia al respecto.<br \/>\nFuncionarios suponen que quien se llev\u00f3 la marcha la quer\u00eda para venderla a alguna constructora que necesitaba ese objeto para otra m\u00e1quina de las mismas caracter\u00edsticas.<br \/>\nEl art\u00edculo ten\u00eda gran peso y debieron de actuar entre tres o cuatro personas para poderla subir al transporte en que la cargaron.<br \/>\nPara dar con los responsables, el Presidente Municipal Erasmo Galv\u00e1n Nieto ha conformado una Comisi\u00f3n para que investigue la desaparici\u00f3n.<br \/>\nAdem\u00e1s gir\u00f3 instrucciones precisas de llegar hasta las \u00faltimas consecuencias.<br \/>\nAl cierre de la presente nota, se desconoc\u00eda si el Contralor Municipal o la representante jur\u00eddica del municipio hab\u00edan presentado alguna denuncia sobre el robo ante la Agencia del Ministerio P\u00fablico. <\/p>\n","protected":false},"excerpt":{"rendered":"<p>Se llevaron objeto con valor de m\u00e1s de 80 mil pesos Ma. del Carmen V. La marcha de un vibro compactador con valor de m\u00e1s de 80 mil pesos, fue&#8230;<\/p>\n","protected":false},"author":1,"featured_media":0,"comment_status":"closed","ping_status":"open","sticky":false,"template":"","format":"standard","meta":{"footnotes":""},"categories":[3],"tags":[230,375],"class_list":["post-748","post","type-post","status-publish","format-standard","hentry","category-cerritos","tag-robo","tag-taller-municipal","entry","simple"],"_links":{"self":[{"href":"https:\/\/www.plurinominal.com.mx\/index.php?rest_route=\/wp\/v2\/posts\/748","targetHints":{"allow":["GET"]}}],"collection":[{"href":"https:\/\/www.plurinominal.com.mx\/index.php?rest_route=\/wp\/v2\/posts"}],"about":[{"href":"https:\/\/www.plurinominal.com.mx\/index.php?rest_route=\/wp\/v2\/types\/post"}],"author":[{"embeddable":true,"href":"https:\/\/www.plurinominal.com.mx\/index.php?rest_route=\/wp\/v2\/users\/1"}],"replies":[{"embeddable":true,"href":"https:\/\/www.plurinominal.com.mx\/index.php?rest_route=%2Fwp%2Fv2%2Fcomments&post=748"}],"version-history":[{"count":0,"href":"https:\/\/www.plurinominal.com.mx\/index.php?rest_route=\/wp\/v2\/posts\/748\/revisions"}],"wp:attachment":[{"href":"https:\/\/www.plurinominal.com.mx\/index.php?rest_route=%2Fwp%2Fv2%2Fmedia&parent=748"}],"wp:term":[{"taxonomy":"category","embeddable":true,"href":"https:\/\/www.plurinominal.com.mx\/index.php?rest_route=%2Fwp%2Fv2%2Fcategories&post=748"},{"taxonomy":"post_tag","embeddable":true,"href":"https:\/\/www.plurinominal.com.mx\/index.php?rest_route=%2Fwp%2Fv2%2Ftags&post=748"}],"curies":[{"name":"wp","href":"https:\/\/api.w.org\/{rel}","templated":true}]}}