{"id":752,"date":"2011-12-02T20:40:28","date_gmt":"2011-12-03T02:40:28","guid":{"rendered":"http:\/\/www.plurinominal.com.mx\/?p=752"},"modified":"2011-12-04T20:41:01","modified_gmt":"2011-12-05T02:41:01","slug":"futbolistas-inconformes-por-el-estado-de-los-campos-deportivos","status":"publish","type":"post","link":"https:\/\/www.plurinominal.com.mx\/?p=752","title":{"rendered":"Futbolistas inconformes por el estado de  los campos deportivos"},"content":{"rendered":"<p>Ma. del Carmen V.<br \/>\nDeportistas que semanalmente practican el f\u00fatbol dijeron estar inconformes por el estado que guardan los campos.<br \/>\nEs p\u00e9simo el estado que tienen los lugares donde se practica ese deporte.<br \/>\nAcusaron a la directiva de la liga de hacer caso omiso para mejorarlos.<br \/>\nEn referencia a los campos que se ubican cerca de lo que fue \u201cla pista de aviaci\u00f3n\u201d se\u00f1alaron que las canchas est\u00e1n ubicadas en \u00abel desierto\u00bb, pues en ese lugar no existen \u00e1rboles ni vegetaci\u00f3n y los rayos del sol son inclementes.<br \/>\nA\u00fan as\u00ed la directiva de la liga se empe\u00f1\u00f3 en que en ese lugar se jugaran los partidos sin tomar en cuenta las consecuencias para los propios jugadores.<br \/>\nManifestaron que existe mucha tierra suelta, lo que impide la visibilidad de quienes practican el f\u00fatbol en ese lugar, \u00abpor suerte no ha habido un accidente\u00bb.<br \/>\nExpresaron, que los recursos que capta la liga en forma semanal no se aplican en atender las necesidades de ese deporte y por ello tratar\u00e1n de formar otra liga de f\u00fatbol, como \u201casociaci\u00f3n civil\u201d.<br \/>\nTambi\u00e9n acusaron a la directiva de no rendir cuentas claras, por ello la mayor parte de delegados de los equipos est\u00e1n inconformes, pues semanalmente ingresan recursos econ\u00f3micos pero no se tiene un destino claro de los mismos.<br \/>\nLos jugadores manifestaron, que los mandan a jugar a un desierto cuando hay otros campos con canchas adecuadas como Derramaderos, El Rinc\u00f3n, La Gallera, y Estaci\u00f3n Monta\u00f1a, entre otros.<br \/>\nManifestaron que los lugares descritos est\u00e1n perfectamente habilitados para que all\u00ed se practique el f\u00fatbol. En cambio los directivos de la liga se han empe\u00f1ado en darle vida a \u00ablos campos del desierto\u00bb.<br \/>\nSe revel\u00f3 que hasta ahora algunos jugadores s\u00f3lo han resentido lesiones leves, por la piedra y hoyos que existen.<\/p>\n","protected":false},"excerpt":{"rendered":"<p>Ma. del Carmen V. Deportistas que semanalmente practican el f\u00fatbol dijeron estar inconformes por el estado que guardan los campos. Es p\u00e9simo el estado que tienen los lugares donde se&#8230;<\/p>\n","protected":false},"author":1,"featured_media":0,"comment_status":"closed","ping_status":"open","sticky":false,"template":"","format":"standard","meta":{"footnotes":""},"categories":[3],"tags":[378],"class_list":["post-752","post","type-post","status-publish","format-standard","hentry","category-cerritos","tag-futbolistas","entry","simple"],"_links":{"self":[{"href":"https:\/\/www.plurinominal.com.mx\/index.php?rest_route=\/wp\/v2\/posts\/752","targetHints":{"allow":["GET"]}}],"collection":[{"href":"https:\/\/www.plurinominal.com.mx\/index.php?rest_route=\/wp\/v2\/posts"}],"about":[{"href":"https:\/\/www.plurinominal.com.mx\/index.php?rest_route=\/wp\/v2\/types\/post"}],"author":[{"embeddable":true,"href":"https:\/\/www.plurinominal.com.mx\/index.php?rest_route=\/wp\/v2\/users\/1"}],"replies":[{"embeddable":true,"href":"https:\/\/www.plurinominal.com.mx\/index.php?rest_route=%2Fwp%2Fv2%2Fcomments&post=752"}],"version-history":[{"count":0,"href":"https:\/\/www.plurinominal.com.mx\/index.php?rest_route=\/wp\/v2\/posts\/752\/revisions"}],"wp:attachment":[{"href":"https:\/\/www.plurinominal.com.mx\/index.php?rest_route=%2Fwp%2Fv2%2Fmedia&parent=752"}],"wp:term":[{"taxonomy":"category","embeddable":true,"href":"https:\/\/www.plurinominal.com.mx\/index.php?rest_route=%2Fwp%2Fv2%2Fcategories&post=752"},{"taxonomy":"post_tag","embeddable":true,"href":"https:\/\/www.plurinominal.com.mx\/index.php?rest_route=%2Fwp%2Fv2%2Ftags&post=752"}],"curies":[{"name":"wp","href":"https:\/\/api.w.org\/{rel}","templated":true}]}}