{"id":760,"date":"2011-12-04T21:10:37","date_gmt":"2011-12-05T03:10:37","guid":{"rendered":"http:\/\/www.plurinominal.com.mx\/?p=760"},"modified":"2011-12-04T21:10:37","modified_gmt":"2011-12-05T03:10:37","slug":"%e2%80%9cdj-cheras-mix%e2%80%9d-invitado-especial-en-el-show-%e2%80%9cpa-lante-con-cristina%e2%80%9d","status":"publish","type":"post","link":"https:\/\/www.plurinominal.com.mx\/?p=760","title":{"rendered":"\u201cDj Cheras Mix\u201d invitado especial en el Show \u201cPa&#8217; lante con Cristina\u201d"},"content":{"rendered":"<p>El famoso cerritense \u201cDj Cheras Mix\u201d acudi\u00f3 como invitado especial al Show \u201cPa&#8217; lante con Cristina\u201d, d\u00f3nde junto a los m\u00e1ximos exponentes de la m\u00fasica \u201cTribal\u201d, grabaron programas que ser\u00edan transmitidos a lo largo y ancho de la uni\u00f3n americana por la cadena \u201cTelemundo\u201d.<br \/>\nEn su espacio de internet, \u2014el tambi\u00e9n baterista de grupos locales\u2014, expuso las gr\u00e1ficas donde se acompa\u00f1a de una de las mujeres que mayor \u00e9xito tiene en lo que a los \u201creality shows\u201d se refiere.<\/p>\n","protected":false},"excerpt":{"rendered":"<p>El famoso cerritense \u201cDj Cheras Mix\u201d acudi\u00f3 como invitado especial al Show \u201cPa&#8217; lante con Cristina\u201d, d\u00f3nde junto a los m\u00e1ximos exponentes de la m\u00fasica \u201cTribal\u201d, grabaron programas que ser\u00edan&#8230;<\/p>\n","protected":false},"author":1,"featured_media":761,"comment_status":"closed","ping_status":"open","sticky":false,"template":"","format":"standard","meta":{"footnotes":""},"categories":[3],"tags":[381,382],"class_list":["post-760","post","type-post","status-publish","format-standard","has-post-thumbnail","hentry","category-cerritos","tag-cheras-mix","tag-pa-lante-con-cristina","entry","simple"],"_links":{"self":[{"href":"https:\/\/www.plurinominal.com.mx\/index.php?rest_route=\/wp\/v2\/posts\/760","targetHints":{"allow":["GET"]}}],"collection":[{"href":"https:\/\/www.plurinominal.com.mx\/index.php?rest_route=\/wp\/v2\/posts"}],"about":[{"href":"https:\/\/www.plurinominal.com.mx\/index.php?rest_route=\/wp\/v2\/types\/post"}],"author":[{"embeddable":true,"href":"https:\/\/www.plurinominal.com.mx\/index.php?rest_route=\/wp\/v2\/users\/1"}],"replies":[{"embeddable":true,"href":"https:\/\/www.plurinominal.com.mx\/index.php?rest_route=%2Fwp%2Fv2%2Fcomments&post=760"}],"version-history":[{"count":0,"href":"https:\/\/www.plurinominal.com.mx\/index.php?rest_route=\/wp\/v2\/posts\/760\/revisions"}],"wp:featuredmedia":[{"embeddable":true,"href":"https:\/\/www.plurinominal.com.mx\/index.php?rest_route=\/wp\/v2\/media\/761"}],"wp:attachment":[{"href":"https:\/\/www.plurinominal.com.mx\/index.php?rest_route=%2Fwp%2Fv2%2Fmedia&parent=760"}],"wp:term":[{"taxonomy":"category","embeddable":true,"href":"https:\/\/www.plurinominal.com.mx\/index.php?rest_route=%2Fwp%2Fv2%2Fcategories&post=760"},{"taxonomy":"post_tag","embeddable":true,"href":"https:\/\/www.plurinominal.com.mx\/index.php?rest_route=%2Fwp%2Fv2%2Ftags&post=760"}],"curies":[{"name":"wp","href":"https:\/\/api.w.org\/{rel}","templated":true}]}}