{"id":765,"date":"2011-12-05T12:06:00","date_gmt":"2011-12-05T18:06:00","guid":{"rendered":"http:\/\/www.plurinominal.com.mx\/?p=765"},"modified":"2011-12-05T12:06:00","modified_gmt":"2011-12-05T18:06:00","slug":"cumplimentan-orden-de-aprehension-contra-ex-presidente","status":"publish","type":"post","link":"https:\/\/www.plurinominal.com.mx\/?p=765","title":{"rendered":"Cumplimentan orden de aprehensi\u00f3n contra ex presidente"},"content":{"rendered":"<p>Polic\u00edas Ministeriales detuvieron a Salvador Guzm\u00e1n Carbajal<\/p>\n<p>Del equipo de redacci\u00f3n<br \/>\nEste viernes 2 de diciembre fue detenido el ex presidente de Cerritos Salvador Guzm\u00e1n Carbajal, en base a una orden de aprehensi\u00f3n girada por juzgado mixto de primera instancia del vecino municipio de Guadalc\u00e1zar.<br \/>\nAcompa\u00f1ado por dos polic\u00edas ministeriales del estado, el ex alcalde fue trasladado en la unidad oficial de la Procuradur\u00eda de Justicia, que est\u00e1 comisionada en nuestro municipio, directo al CEREDI de ese vecino lugar para responder por una denuncia penal interpuesta por Nerea Galv\u00e1n Dom\u00ednguez, por dos delitos que fueron allanamiento de morada y da\u00f1os en las cosas.<br \/>\nMediante el oficio n\u00famero 1385\/11, se notific\u00f3 a la Procuradur\u00eda de Justicia del Estado la orden de aprehensi\u00f3n el 3 de octubre de este mismo a\u00f1o, en contra de Salvador Guzm\u00e1n Carbajal, derivada de la averiguaci\u00f3n previa penal  41\/2011, iniciada en Cerritos pero que fue enviada a ese lugar.<br \/>\nUna vez cumplimentada la orden, se menciona que la persona \u201cdebe ser puesta a disposici\u00f3n de la autoridad que lo requiere\u201d, \u2014en este caso el juez de Guadalc\u00e1zar\u2014 y a su vez notificar a diferentes instancias para que procedan los tr\u00e1mites consiguientes.<br \/>\nPlurinominal conoci\u00f3 que \u00e9sta fue una denuncia iniciada este a\u00f1o y que consign\u00f3 al juzgado el ministerio p\u00fablico Sergio Isaac S\u00e1nchez Castillo.<br \/>\nSe sabe que hubo una queja por parte del ex presidente en contra del juez mixto de primera instancia, quien debido a lo anterior decidi\u00f3 dejar de conocer del asunto. As\u00ed que fue turnado al otro municipio d\u00f3nde se gir\u00f3 la orden por los hechos ocurridos en esta cabecera.<br \/>\nEn un correo recibido por Plurinominal, se indica que el caso tiene que ver con el fraccionamiento \u201cJardines de la Unidad\u201d pero al cierre de la edici\u00f3n se ignoraban m\u00e1s detalles al respecto.<\/p>\n","protected":false},"excerpt":{"rendered":"<p>Polic\u00edas Ministeriales detuvieron a Salvador Guzm\u00e1n Carbajal Del equipo de redacci\u00f3n Este viernes 2 de diciembre fue detenido el ex presidente de Cerritos Salvador Guzm\u00e1n Carbajal, en base a una&#8230;<\/p>\n","protected":false},"author":1,"featured_media":0,"comment_status":"closed","ping_status":"open","sticky":false,"template":"","format":"standard","meta":{"footnotes":""},"categories":[3,6],"tags":[385,384,383],"class_list":["post-765","post","type-post","status-publish","format-standard","hentry","category-cerritos","category-guadalcazar","tag-ex-alcalde","tag-orden-de-aprehension","tag-salvador-guzman-carbajal","entry","simple"],"_links":{"self":[{"href":"https:\/\/www.plurinominal.com.mx\/index.php?rest_route=\/wp\/v2\/posts\/765","targetHints":{"allow":["GET"]}}],"collection":[{"href":"https:\/\/www.plurinominal.com.mx\/index.php?rest_route=\/wp\/v2\/posts"}],"about":[{"href":"https:\/\/www.plurinominal.com.mx\/index.php?rest_route=\/wp\/v2\/types\/post"}],"author":[{"embeddable":true,"href":"https:\/\/www.plurinominal.com.mx\/index.php?rest_route=\/wp\/v2\/users\/1"}],"replies":[{"embeddable":true,"href":"https:\/\/www.plurinominal.com.mx\/index.php?rest_route=%2Fwp%2Fv2%2Fcomments&post=765"}],"version-history":[{"count":0,"href":"https:\/\/www.plurinominal.com.mx\/index.php?rest_route=\/wp\/v2\/posts\/765\/revisions"}],"wp:attachment":[{"href":"https:\/\/www.plurinominal.com.mx\/index.php?rest_route=%2Fwp%2Fv2%2Fmedia&parent=765"}],"wp:term":[{"taxonomy":"category","embeddable":true,"href":"https:\/\/www.plurinominal.com.mx\/index.php?rest_route=%2Fwp%2Fv2%2Fcategories&post=765"},{"taxonomy":"post_tag","embeddable":true,"href":"https:\/\/www.plurinominal.com.mx\/index.php?rest_route=%2Fwp%2Fv2%2Ftags&post=765"}],"curies":[{"name":"wp","href":"https:\/\/api.w.org\/{rel}","templated":true}]}}