{"id":774,"date":"2011-12-05T16:19:26","date_gmt":"2011-12-05T22:19:26","guid":{"rendered":"http:\/\/www.plurinominal.com.mx\/?p=774"},"modified":"2011-12-05T16:26:25","modified_gmt":"2011-12-05T22:26:25","slug":"de-nueva-cuenta-detienen-a-ex-presidente","status":"publish","type":"post","link":"https:\/\/www.plurinominal.com.mx\/?p=774","title":{"rendered":"De nueva cuenta detienen a ex presidente"},"content":{"rendered":"<figure id=\"attachment_775\" aria-describedby=\"caption-attachment-775\" style=\"width: 253px\" class=\"wp-caption alignleft\"><a href=\"https:\/\/www.plurinominal.com.mx\/wp-content\/uploads\/2-copia-copia.jpg\"><img loading=\"lazy\" decoding=\"async\" class=\"size-medium wp-image-775\" title=\"2 copia copia\" src=\"https:\/\/www.plurinominal.com.mx\/wp-content\/uploads\/2-copia-copia-253x300.jpg\" alt=\"\" width=\"253\" height=\"300\" srcset=\"https:\/\/www.plurinominal.com.mx\/wp-content\/uploads\/2-copia-copia-253x300.jpg 253w, https:\/\/www.plurinominal.com.mx\/wp-content\/uploads\/2-copia-copia.jpg 283w\" sizes=\"auto, (max-width: 253px) 100vw, 253px\" \/><\/a><figcaption id=\"caption-attachment-775\" class=\"wp-caption-text\">Salvador Guzm\u00e1n fue ingresado por unos instantes al CEREDI de Guadalc\u00e1zar.<\/figcaption><\/figure>\n<p>Plurinominal, equipo de redacci\u00f3n<br \/>\nGuadalc\u00e1zar, 14:25 PM<br \/>\nLuego de haber garantizado su libertad por cumplimentarse una orden de aprehensi\u00f3n en su contra, el ex presidente pri\u00edsta Salvador Guzm\u00e1n Carbajal fue detenido en el municipio de Guadalc\u00e1zar la tarde de este lunes.<br \/>\nApenas realizaba los tr\u00e1mites necesarios en el juzgado mixto de primera instancia de ese lugar cuando polic\u00edas ministeriales nuevamente procedieron a detenerlo.<br \/>\nEl hombre que tambi\u00e9n particip\u00f3 como pre candidato en la pasada contienda pol\u00edtica explic\u00f3 a Plurinominal que los delitos que enfrenta no son graves, por eso pudo gozar de su libertad. Se dijo que esta vez tendr\u00eda que garantizar 20 mil pesos por haber violentado algunas viviendas en el fraccionamiento Jardines de la Unidad de Cerritos. En el presente asunto resulta ofendida Mar\u00eda del Rosario Torres.<br \/>\nGuzm\u00e1n Carbajal present\u00f3 una queja contra el Juez de este municipio, quien decidi\u00f3 dejar de conocer sobre los asuntos que se llevan en Guadalc\u00e1zar.<\/p>\n<p>En la imagen destacada, Salvador Guzm\u00e1n intenta evitar su ingreso al CEREDI de Guadalc\u00e1zar. FOTO: MARCO SERNA.<\/p>\n","protected":false},"excerpt":{"rendered":"<p>Plurinominal, equipo de redacci\u00f3n Guadalc\u00e1zar, 14:25 PM Luego de haber garantizado su libertad por cumplimentarse una orden de aprehensi\u00f3n en su contra, el ex presidente pri\u00edsta Salvador Guzm\u00e1n Carbajal fue&#8230;<\/p>\n","protected":false},"author":1,"featured_media":776,"comment_status":"closed","ping_status":"open","sticky":false,"template":"","format":"standard","meta":{"footnotes":""},"categories":[3,6],"tags":[386,387,383],"class_list":["post-774","post","type-post","status-publish","format-standard","has-post-thumbnail","hentry","category-cerritos","category-guadalcazar","tag-ex-edil","tag-fraccionamiento-jardines-de-la-unidad","tag-salvador-guzman-carbajal","entry","simple"],"_links":{"self":[{"href":"https:\/\/www.plurinominal.com.mx\/index.php?rest_route=\/wp\/v2\/posts\/774","targetHints":{"allow":["GET"]}}],"collection":[{"href":"https:\/\/www.plurinominal.com.mx\/index.php?rest_route=\/wp\/v2\/posts"}],"about":[{"href":"https:\/\/www.plurinominal.com.mx\/index.php?rest_route=\/wp\/v2\/types\/post"}],"author":[{"embeddable":true,"href":"https:\/\/www.plurinominal.com.mx\/index.php?rest_route=\/wp\/v2\/users\/1"}],"replies":[{"embeddable":true,"href":"https:\/\/www.plurinominal.com.mx\/index.php?rest_route=%2Fwp%2Fv2%2Fcomments&post=774"}],"version-history":[{"count":0,"href":"https:\/\/www.plurinominal.com.mx\/index.php?rest_route=\/wp\/v2\/posts\/774\/revisions"}],"wp:featuredmedia":[{"embeddable":true,"href":"https:\/\/www.plurinominal.com.mx\/index.php?rest_route=\/wp\/v2\/media\/776"}],"wp:attachment":[{"href":"https:\/\/www.plurinominal.com.mx\/index.php?rest_route=%2Fwp%2Fv2%2Fmedia&parent=774"}],"wp:term":[{"taxonomy":"category","embeddable":true,"href":"https:\/\/www.plurinominal.com.mx\/index.php?rest_route=%2Fwp%2Fv2%2Fcategories&post=774"},{"taxonomy":"post_tag","embeddable":true,"href":"https:\/\/www.plurinominal.com.mx\/index.php?rest_route=%2Fwp%2Fv2%2Ftags&post=774"}],"curies":[{"name":"wp","href":"https:\/\/api.w.org\/{rel}","templated":true}]}}