{"id":789,"date":"2011-11-30T19:42:35","date_gmt":"2011-12-01T01:42:35","guid":{"rendered":"http:\/\/www.plurinominal.com.mx\/?p=789"},"modified":"2011-12-06T19:42:54","modified_gmt":"2011-12-07T01:42:54","slug":"municipio-busca-inversiones-millonarias-para-su-gente","status":"publish","type":"post","link":"https:\/\/www.plurinominal.com.mx\/?p=789","title":{"rendered":"Municipio busca inversiones millonarias para su gente"},"content":{"rendered":"<p>Dan prioridad a viviendas, caminos y drenajes<br \/>\nPresidente y titular de Desarrollo Social presentan paquete de proyectos para impulsar con recursos federales y estatales<\/p>\n<p>Corresponsales<br \/>\nGobierno Municipal ha comenzado un arduo trabajo para conseguir que en el 2012 lleguen recursos millonarios que permitan beneficiar a miles de personas, especialmente a las que menos recursos tienen y est\u00e1n m\u00e1s desprotegidas. Los esfuerzos comenzaron con la presentaci\u00f3n de un paquete de obras al Gobierno Federal y Estatal, que ocurri\u00f3 el viernes 25 de noviembre en el municipio de Rioverde, San Luis Potos\u00ed.<br \/>\nRioverde fue la sede de la Reuni\u00f3n Regional de planeaci\u00f3n, organizada por la SEDESOL y SEDESORE, en la que estuvo el presidente municipal Erasmo Galv\u00e1n Nieto, acompa\u00f1ado por Luis Javier Izaguirre Ruiz, de Desarrollo Social.<br \/>\nEntre ambos presentaron lo que pretenden sea el paquete de obras con posibilidades de impulsar en el a\u00f1o 2012 a favor de la gente que m\u00e1s lo necesita en este municipio.<br \/>\nDentro del paquete de obras y acciones, la administraci\u00f3n ha priorizado en gestionar m\u00e1s viviendas del programa \u201cTu Casa\u201d, mejoras de caminos, inversiones en infraestructura de drenajes tema que ha resultado bastante delicado porque una gran mayor\u00eda del sistema de tuber\u00edas se encuentra da\u00f1ado.<br \/>\nM\u00e1s acciones y proyectos fueron elegidos cuidadosamente, buscando que se beneficien el mayor n\u00famero de cerritenses y que los apoyos lleguen a las personas que m\u00e1s lo requieran.<br \/>\nSe ha asegurado que las propuestas no ser\u00e1n mencionadas en este momento, porque a\u00fan falta su aprobaci\u00f3n, por eso contemplan dar a conocer los planes hasta saber las buenas noticias de parte de la SEDESORE y SEDESOL, que ser\u00e1n las encargadas de notificar quienes ser\u00e1n beneficiados con recursos estatales y federales el a\u00f1o entrante.<br \/>\nLuis Javier Izaguirre, \u2014Coordinador de Desarrollo Social\u2014, manifest\u00f3 su compromiso de continuar junto con el alcalde al pie del ca\u00f1\u00f3n, \u201cbuscando los recursos y tocando las puertas necesarias para que no se olviden de Cerritos, y sea uno de los municipios con mejores beneficios para sus ciudadanos\u201d.<\/p>\n","protected":false},"excerpt":{"rendered":"<p>Dan prioridad a viviendas, caminos y drenajes Presidente y titular de Desarrollo Social presentan paquete de proyectos para impulsar con recursos federales y estatales Corresponsales Gobierno Municipal ha comenzado un&#8230;<\/p>\n","protected":false},"author":1,"featured_media":0,"comment_status":"closed","ping_status":"open","sticky":false,"template":"","format":"standard","meta":{"footnotes":""},"categories":[3],"tags":[],"class_list":["post-789","post","type-post","status-publish","format-standard","hentry","category-cerritos","entry","simple"],"_links":{"self":[{"href":"https:\/\/www.plurinominal.com.mx\/index.php?rest_route=\/wp\/v2\/posts\/789","targetHints":{"allow":["GET"]}}],"collection":[{"href":"https:\/\/www.plurinominal.com.mx\/index.php?rest_route=\/wp\/v2\/posts"}],"about":[{"href":"https:\/\/www.plurinominal.com.mx\/index.php?rest_route=\/wp\/v2\/types\/post"}],"author":[{"embeddable":true,"href":"https:\/\/www.plurinominal.com.mx\/index.php?rest_route=\/wp\/v2\/users\/1"}],"replies":[{"embeddable":true,"href":"https:\/\/www.plurinominal.com.mx\/index.php?rest_route=%2Fwp%2Fv2%2Fcomments&post=789"}],"version-history":[{"count":0,"href":"https:\/\/www.plurinominal.com.mx\/index.php?rest_route=\/wp\/v2\/posts\/789\/revisions"}],"wp:attachment":[{"href":"https:\/\/www.plurinominal.com.mx\/index.php?rest_route=%2Fwp%2Fv2%2Fmedia&parent=789"}],"wp:term":[{"taxonomy":"category","embeddable":true,"href":"https:\/\/www.plurinominal.com.mx\/index.php?rest_route=%2Fwp%2Fv2%2Fcategories&post=789"},{"taxonomy":"post_tag","embeddable":true,"href":"https:\/\/www.plurinominal.com.mx\/index.php?rest_route=%2Fwp%2Fv2%2Ftags&post=789"}],"curies":[{"name":"wp","href":"https:\/\/api.w.org\/{rel}","templated":true}]}}