{"id":79,"date":"2011-10-12T00:42:24","date_gmt":"2011-10-12T00:42:24","guid":{"rendered":"http:\/\/www.plurinominal.com.mx\/?p=79"},"modified":"2011-11-05T00:43:00","modified_gmt":"2011-11-05T00:43:00","slug":"critican-%e2%80%9cproselitismo-adelantado%e2%80%9d-de-actores-politicos","status":"publish","type":"post","link":"https:\/\/www.plurinominal.com.mx\/?p=79","title":{"rendered":"Critican \u201cproselitismo adelantado\u201d de actores pol\u00edticos"},"content":{"rendered":"<p>\u201cNo debemos anteponer intereses de grupo o personales, cuando antes hay que pensar en un proyecto integral para Cerritos\u201d: PS<\/p>\n<p>Marco Serna<br \/>\nEn vista de las adelantadas acciones de los \u201c pol\u00edticos locales\u201d, Pablo S\u00e1nchez Turrubiartes, L\u00edder de \u201cDemocracia Social Cerritos\u201d, \u2014organizaci\u00f3n adherida al Partido Revolucionario Institucional\u2014a trav\u00e9s de un comunicado que dirige a la opini\u00f3n p\u00fablica, calific\u00f3 como lamentable que no se privilegie de manera real la actual situaci\u00f3n que vive Cerritos, \u201cen donde todos debemos coincidir\u201d.<br \/>\nS\u00e1nchez Turrubiartes, manifest\u00f3 que \u201caun no es tiempo de proselitismos adelantados, es el momento del an\u00e1lisis consensuado\u201d, porque expresa, \u201cestamos convencidos de nuestras fortalezas, pero tambi\u00e9n somos sensibles a las realidades\u201d.<br \/>\nEl Gerente de \u201cCablecerr\u201da trav\u00e9s de su espacio de internet http:\/\/democraciasocialcerr.org\/ a\u00f1adi\u00f3 que \u201cno podemos ni debemos anteponer intereses de grupo o personales, cuando antes hay que pensar en un proyecto integral para Cerritos\u201d.<br \/>\nEl Profesor, hizo un llamado a \u201cla unidad de los cerritenses, a que podamos ser capaces de ser tolerantes, respetuosos en la manera de pensar\u201d, porque dijo  \u201cestar convencido de que ah\u00ed se construyen las bases\u201d.<br \/>\nPablo S\u00e1nchez, indic\u00f3 que \u201chay tiempo para hacerlo, solo que ahora los tiempos son distintos, el gran ausentismo de participaci\u00f3n ciudadana obedece a lo anterior, por ello debemos demostrar que a todos nos interesa que en Cerritos en los pr\u00f3ximos a\u00f1os nos vaya bien\u201d.<br \/>\n S\u00e1nchez Turrubiartes, se dijo preocupado, pues \u201cCerritos ya no debe ni puede seguir el rumbo que lleva en este momento\u201d.<br \/>\nInvit\u00f3 a Plurinominal, a mantener un equilibrio de informaci\u00f3n y manifest\u00f3 a la directiva, \u201clo que hoy hace tu medio es respetable, por ello mi preocupaci\u00f3n de lo que todos sabemos\u201d.<br \/>\nSobre sus acciones el L\u00edder de \u201cDemocracia Social Cerritos\u201d, enfatiz\u00f3 que \u201cen su momento estar\u00e1 haciendo lo necesario, solo que en su tiempo\u201d, pero siempre \u201cen un marco de respeto y tolerancia, pues el gran ausentismo de participaci\u00f3n ciudadana cada d\u00eda se refleja m\u00e1s, ante la falta de respuesta de quienes hoy tienen la responsabilidad de hacerlo\u201d.<\/p>\n","protected":false},"excerpt":{"rendered":"<p>\u201cNo debemos anteponer intereses de grupo o personales, cuando antes hay que pensar en un proyecto integral para Cerritos\u201d: PS Marco Serna En vista de las adelantadas acciones de los&#8230;<\/p>\n","protected":false},"author":1,"featured_media":0,"comment_status":"closed","ping_status":"open","sticky":false,"template":"","format":"standard","meta":{"footnotes":""},"categories":[1],"tags":[23,24],"class_list":["post-79","post","type-post","status-publish","format-standard","hentry","category-cerriles","tag-democracia-social","tag-pablo-sanchez","entry","simple"],"_links":{"self":[{"href":"https:\/\/www.plurinominal.com.mx\/index.php?rest_route=\/wp\/v2\/posts\/79","targetHints":{"allow":["GET"]}}],"collection":[{"href":"https:\/\/www.plurinominal.com.mx\/index.php?rest_route=\/wp\/v2\/posts"}],"about":[{"href":"https:\/\/www.plurinominal.com.mx\/index.php?rest_route=\/wp\/v2\/types\/post"}],"author":[{"embeddable":true,"href":"https:\/\/www.plurinominal.com.mx\/index.php?rest_route=\/wp\/v2\/users\/1"}],"replies":[{"embeddable":true,"href":"https:\/\/www.plurinominal.com.mx\/index.php?rest_route=%2Fwp%2Fv2%2Fcomments&post=79"}],"version-history":[{"count":0,"href":"https:\/\/www.plurinominal.com.mx\/index.php?rest_route=\/wp\/v2\/posts\/79\/revisions"}],"wp:attachment":[{"href":"https:\/\/www.plurinominal.com.mx\/index.php?rest_route=%2Fwp%2Fv2%2Fmedia&parent=79"}],"wp:term":[{"taxonomy":"category","embeddable":true,"href":"https:\/\/www.plurinominal.com.mx\/index.php?rest_route=%2Fwp%2Fv2%2Fcategories&post=79"},{"taxonomy":"post_tag","embeddable":true,"href":"https:\/\/www.plurinominal.com.mx\/index.php?rest_route=%2Fwp%2Fv2%2Ftags&post=79"}],"curies":[{"name":"wp","href":"https:\/\/api.w.org\/{rel}","templated":true}]}}