{"id":819,"date":"2011-12-09T00:12:18","date_gmt":"2011-12-09T06:12:18","guid":{"rendered":"http:\/\/www.plurinominal.com.mx\/?p=819"},"modified":"2011-12-09T00:12:18","modified_gmt":"2011-12-09T06:12:18","slug":"bebe-y-adulto-muertos-al-volcar-lujosa-camioneta","status":"publish","type":"post","link":"https:\/\/www.plurinominal.com.mx\/?p=819","title":{"rendered":"Beb\u00e9 y adulto muertos al volcar lujosa camioneta"},"content":{"rendered":"<p>El ni\u00f1ito apenas ten\u00eda 4 meses de nacido<\/p>\n<p>Del equipo de redacci\u00f3n<br \/>\nBeb\u00e9 de cuatro meses y una persona adulta, perecieron en un accidente registrado la tarde del lunes 5 de diciembre sobre la S\u00faper Carretera.<br \/>\nHubo dos personas que fueron reportadas con lesiones graves.<br \/>\nTrasladaron a la cl\u00ednica 50 de San Luis Potos\u00ed, a la madre del ni\u00f1o muerto, Raquel Flores Contreras, que tiene cumplidos 26 a\u00f1os y a otro familiar de su esposo, Hilario Galindo Segura, de 38 a\u00f1os.<br \/>\nPor la poca informaci\u00f3n que se tuvo en las primeras horas del accidente, fue casi imposible obtener datos precisos, pero con el paso del tiempo \u00e9sta fluy\u00f3 e incluso Seguridad P\u00fablica del Estado emiti\u00f3 un comunicado de prensa, se\u00f1alando que los fallecidos fueron Vidal de Jes\u00fas Galindo Silvestre, de 25 a\u00f1os y su sobrino de cuatro meses Santiago Miguel Galindo Flores.<br \/>\nCon golpes contusos que no ameritaron hospitalizaci\u00f3n resultaron el padre del beb\u00e9, Miguel Galindo Silvestre y otra persona llamada Jorge Gonz\u00e1lez Mondrag\u00f3n, ambos se quedaron tras el accidente brindando la informaci\u00f3n necesaria sobre lo ocurrido a los polic\u00edas del estado que llegaron casi una hora despu\u00e9s de haber ocurrido.<br \/>\nLos tr\u00e1gicos hechos se registraron en el kil\u00f3metro 100 de la carretera de cuota, antes de entroncar con la carretera federal 57 San Luis \u2013 Matehuala. Asombr\u00f3 que el cuerpo del ni\u00f1o qued\u00f3 en la parte trasera de la camioneta, tirado sobre el suelo y el del joven, a unos 5 metros, pero no fueron levantados en horas, porque no se presentaban autoridades a dar fe de los hechos.<br \/>\nEl padre de la v\u00edctima permaneci\u00f3 llorando cerca de su hijo, mientras su esposa era atendida en el hospital.<br \/>\nNo se menciona cuales fueron las causas del accidente.<br \/>\nSe ha especificado que los ocupantes, que eran seis, proven\u00edan de Reynosa, Tamaulipas y se dirig\u00edan a la Ciudad de M\u00e9xico, de compras. <\/p>\n","protected":false},"excerpt":{"rendered":"<p>El ni\u00f1ito apenas ten\u00eda 4 meses de nacido Del equipo de redacci\u00f3n Beb\u00e9 de cuatro meses y una persona adulta, perecieron en un accidente registrado la tarde del lunes 5&#8230;<\/p>\n","protected":false},"author":1,"featured_media":0,"comment_status":"closed","ping_status":"open","sticky":false,"template":"","format":"standard","meta":{"footnotes":""},"categories":[3],"tags":[],"class_list":["post-819","post","type-post","status-publish","format-standard","hentry","category-cerritos","entry","simple"],"_links":{"self":[{"href":"https:\/\/www.plurinominal.com.mx\/index.php?rest_route=\/wp\/v2\/posts\/819","targetHints":{"allow":["GET"]}}],"collection":[{"href":"https:\/\/www.plurinominal.com.mx\/index.php?rest_route=\/wp\/v2\/posts"}],"about":[{"href":"https:\/\/www.plurinominal.com.mx\/index.php?rest_route=\/wp\/v2\/types\/post"}],"author":[{"embeddable":true,"href":"https:\/\/www.plurinominal.com.mx\/index.php?rest_route=\/wp\/v2\/users\/1"}],"replies":[{"embeddable":true,"href":"https:\/\/www.plurinominal.com.mx\/index.php?rest_route=%2Fwp%2Fv2%2Fcomments&post=819"}],"version-history":[{"count":0,"href":"https:\/\/www.plurinominal.com.mx\/index.php?rest_route=\/wp\/v2\/posts\/819\/revisions"}],"wp:attachment":[{"href":"https:\/\/www.plurinominal.com.mx\/index.php?rest_route=%2Fwp%2Fv2%2Fmedia&parent=819"}],"wp:term":[{"taxonomy":"category","embeddable":true,"href":"https:\/\/www.plurinominal.com.mx\/index.php?rest_route=%2Fwp%2Fv2%2Fcategories&post=819"},{"taxonomy":"post_tag","embeddable":true,"href":"https:\/\/www.plurinominal.com.mx\/index.php?rest_route=%2Fwp%2Fv2%2Ftags&post=819"}],"curies":[{"name":"wp","href":"https:\/\/api.w.org\/{rel}","templated":true}]}}