{"id":82,"date":"2011-10-13T00:43:38","date_gmt":"2011-10-13T00:43:38","guid":{"rendered":"http:\/\/www.plurinominal.com.mx\/?p=82"},"modified":"2011-11-05T00:43:49","modified_gmt":"2011-11-05T00:43:49","slug":"ambulancia-nueva-para-villa-juarez","status":"publish","type":"post","link":"https:\/\/www.plurinominal.com.mx\/?p=82","title":{"rendered":"Ambulancia nueva para Villa Ju\u00e1rez"},"content":{"rendered":"<p>El veh\u00edculo fue solicitado al Gobernador Fernando Toranzo durante la Feria de la Salud<\/p>\n<p>Marco Serna<br \/>\nUna ambulancia fue entregada al municipio de Villa Ju\u00e1rez misma que fue solicitada al mandatario estatal Fernando Toranzo durante la Feria de la Salud que se celebr\u00f3 en esa comunidad la primera semana de julio del presente a\u00f1o, esto con las acciones en conjunto con personal de la empresa \u201cCementos Moctezuma\u201d.<br \/>\nFernando Toranzo, prometi\u00f3 en ese vecino lugar un nuevo veh\u00edculo de rescate en un lapso no mayor a 12 meses, y  no pasaron ni 3 cuando la ambulancia ya est\u00e1 en Villa Ju\u00e1rez.<br \/>\nAsimismo, el Gobernador prometi\u00f3 un Centro de Salud en ese mismo periodo de tiempo.<br \/>\nEl departamento de Comunicaci\u00f3n Social a cargo de To\u00f1o Reyes, indic\u00f3 que aunque ya cuentan con la ambulancia aun no se le puede dar el uso adecuado pues no se ha llevado a cabo la entrega formal, lo que ocurrir\u00e1 en prontas fechas.<\/p>\n","protected":false},"excerpt":{"rendered":"<p>El veh\u00edculo fue solicitado al Gobernador Fernando Toranzo durante la Feria de la Salud Marco Serna Una ambulancia fue entregada al municipio de Villa Ju\u00e1rez misma que fue solicitada al&#8230;<\/p>\n","protected":false},"author":1,"featured_media":0,"comment_status":"closed","ping_status":"open","sticky":false,"template":"","format":"standard","meta":{"footnotes":""},"categories":[4],"tags":[25,27,26],"class_list":["post-82","post","type-post","status-publish","format-standard","hentry","category-villa-juarez","tag-ambulancia","tag-fernando-toranzo","tag-jesus-ruiz","entry","simple"],"_links":{"self":[{"href":"https:\/\/www.plurinominal.com.mx\/index.php?rest_route=\/wp\/v2\/posts\/82","targetHints":{"allow":["GET"]}}],"collection":[{"href":"https:\/\/www.plurinominal.com.mx\/index.php?rest_route=\/wp\/v2\/posts"}],"about":[{"href":"https:\/\/www.plurinominal.com.mx\/index.php?rest_route=\/wp\/v2\/types\/post"}],"author":[{"embeddable":true,"href":"https:\/\/www.plurinominal.com.mx\/index.php?rest_route=\/wp\/v2\/users\/1"}],"replies":[{"embeddable":true,"href":"https:\/\/www.plurinominal.com.mx\/index.php?rest_route=%2Fwp%2Fv2%2Fcomments&post=82"}],"version-history":[{"count":0,"href":"https:\/\/www.plurinominal.com.mx\/index.php?rest_route=\/wp\/v2\/posts\/82\/revisions"}],"wp:attachment":[{"href":"https:\/\/www.plurinominal.com.mx\/index.php?rest_route=%2Fwp%2Fv2%2Fmedia&parent=82"}],"wp:term":[{"taxonomy":"category","embeddable":true,"href":"https:\/\/www.plurinominal.com.mx\/index.php?rest_route=%2Fwp%2Fv2%2Fcategories&post=82"},{"taxonomy":"post_tag","embeddable":true,"href":"https:\/\/www.plurinominal.com.mx\/index.php?rest_route=%2Fwp%2Fv2%2Ftags&post=82"}],"curies":[{"name":"wp","href":"https:\/\/api.w.org\/{rel}","templated":true}]}}