{"id":821,"date":"2011-11-20T12:07:26","date_gmt":"2011-11-20T18:07:26","guid":{"rendered":"http:\/\/www.plurinominal.com.mx\/?p=821"},"modified":"2011-12-09T12:07:48","modified_gmt":"2011-12-09T18:07:48","slug":"robaron-domicilio-en-el-barrio-de-francia","status":"publish","type":"post","link":"https:\/\/www.plurinominal.com.mx\/?p=821","title":{"rendered":"Robaron domicilio en el barrio de Francia"},"content":{"rendered":"<p>Del equipo de redacci\u00f3n<br \/>\nUn robo en domicilio del barrio de Francia fue denunciado este 19 de noviembre.<br \/>\nA las 19:21 horas, se tom\u00f3 el reporte dado a conocer por Jonathan Gonz\u00e1lez Uresti.<br \/>\nAcudi\u00f3 a comandancia para revelar que en la calle Rioverde n\u00famero 2-A, ocurri\u00f3 el delito. Dijo ser propietario del lugar, pero solicit\u00f3 la presencia de las autoridades para que dieran fe de los hechos.<br \/>\nEl afectado, asegur\u00f3 que los ladrones lograron hacerse de dos serruchos el\u00e9ctricos, dos pulidoras, un multisensor, un compresor y otro serrucho para cortar ladrillo.<br \/>\nNo se especific\u00f3 el monto total de lo sustra\u00eddo, pero se le explic\u00f3 al afectado el modo de proceder ante las oficinas del Ministerio P\u00fablico de Cerritos.<\/p>\n","protected":false},"excerpt":{"rendered":"<p>Del equipo de redacci\u00f3n Un robo en domicilio del barrio de Francia fue denunciado este 19 de noviembre. A las 19:21 horas, se tom\u00f3 el reporte dado a conocer por&#8230;<\/p>\n","protected":false},"author":1,"featured_media":0,"comment_status":"closed","ping_status":"open","sticky":false,"template":"","format":"standard","meta":{"footnotes":""},"categories":[3],"tags":[],"class_list":["post-821","post","type-post","status-publish","format-standard","hentry","category-cerritos","entry","simple"],"_links":{"self":[{"href":"https:\/\/www.plurinominal.com.mx\/index.php?rest_route=\/wp\/v2\/posts\/821","targetHints":{"allow":["GET"]}}],"collection":[{"href":"https:\/\/www.plurinominal.com.mx\/index.php?rest_route=\/wp\/v2\/posts"}],"about":[{"href":"https:\/\/www.plurinominal.com.mx\/index.php?rest_route=\/wp\/v2\/types\/post"}],"author":[{"embeddable":true,"href":"https:\/\/www.plurinominal.com.mx\/index.php?rest_route=\/wp\/v2\/users\/1"}],"replies":[{"embeddable":true,"href":"https:\/\/www.plurinominal.com.mx\/index.php?rest_route=%2Fwp%2Fv2%2Fcomments&post=821"}],"version-history":[{"count":0,"href":"https:\/\/www.plurinominal.com.mx\/index.php?rest_route=\/wp\/v2\/posts\/821\/revisions"}],"wp:attachment":[{"href":"https:\/\/www.plurinominal.com.mx\/index.php?rest_route=%2Fwp%2Fv2%2Fmedia&parent=821"}],"wp:term":[{"taxonomy":"category","embeddable":true,"href":"https:\/\/www.plurinominal.com.mx\/index.php?rest_route=%2Fwp%2Fv2%2Fcategories&post=821"},{"taxonomy":"post_tag","embeddable":true,"href":"https:\/\/www.plurinominal.com.mx\/index.php?rest_route=%2Fwp%2Fv2%2Ftags&post=821"}],"curies":[{"name":"wp","href":"https:\/\/api.w.org\/{rel}","templated":true}]}}