{"id":834,"date":"2011-11-23T12:13:15","date_gmt":"2011-11-23T18:13:15","guid":{"rendered":"http:\/\/www.plurinominal.com.mx\/?p=834"},"modified":"2011-12-09T12:13:52","modified_gmt":"2011-12-09T18:13:52","slug":"lo-arrollo-su-propia-camioneta","status":"publish","type":"post","link":"https:\/\/www.plurinominal.com.mx\/?p=834","title":{"rendered":"Lo arroll\u00f3 su propia camioneta"},"content":{"rendered":"<p>La tragedia ocurri\u00f3 en el Sa\u00faz<\/p>\n<p>Ma. del Carmen V.<br \/>\nMortal accidente ocurri\u00f3 el pasado lunes 21 de noviembre, en el ejido el Sa\u00faz cuando un viejito fue embestido por su propio veh\u00edculo. Las heridas mortales lo condujeron hacia una muerte segura.<br \/>\nCerca de las 19:00 horas, Cirilo Alan\u00eds Hern\u00e1ndez de 79 a\u00f1os de edad lleg\u00f3 a su domicilio ubicado en la calle Reforma n\u00famero 19, despu\u00e9s de efectuar algunas labores a bordo de una camioneta Ford F150 de color rojo, modelo 79.<br \/>\nFrente a su casa, baj\u00f3 del veh\u00edculo para abrir un falsete, dejando la portezuela de la camioneta abierta.<br \/>\n\u00c9sta comenz\u00f3 la marcha. Don Cirilo intent\u00f3 correr y la portezuela lo tir\u00f3. Para su mala suerte la llanta delantera le pas\u00f3 encima.<br \/>\nJuli\u00e1n Hern\u00e1ndez Ramos, \u2014testigo presencial de los hechos\u2014 narr\u00f3 a los familiares que el viejito a instantes de ser apachurrado por la camioneta, se levant\u00f3 indicando \u201cque estaba bien\u201d.<br \/>\nSin embargo al poco tiempo se desvaneci\u00f3. En eso pas\u00f3 Br\u00edgido Ramos Hern\u00e1ndez, quien lo subi\u00f3 a la camioneta para traerlo a Cerritos a que recibiera atenci\u00f3n m\u00e9dica urgente, no sin antes dar aviso a Leandra Alan\u00eds hija del fallecido, quien los acompa\u00f1\u00f3 hasta la cl\u00ednica del Doctor Mart\u00edn Camilo Galv\u00e1n ubicada en la calle Carranza.<br \/>\nDesgraciadamente, el anciano muri\u00f3 durante el trayecto.<br \/>\nHasta el lugar se hizo presente la Licenciada Adriana Moya, Agente del Ministerio P\u00fablico y elementos ministeriales, as\u00ed como otras corporaciones polic\u00edacas, quienes ordenaron su traslado al Servicio M\u00e9dico Forense para el reconocimiento legal, debido a que les pareci\u00f3 que las heridas que presentaba el cuerpo no parec\u00edan haber sido producto de atropellamiento.<br \/>\nEl M\u00e9dico Forense dictamin\u00f3 que Cirilo Alan\u00eds Hern\u00e1ndez muri\u00f3 a causa de un \u201cchoque hipovul\u00e9mico\u201d y a la fractura de la parrilla costal del lado derecho.<br \/>\nLos familiares del fallecido acudieron hasta la Agencia del Ministerio P\u00fablico donde declararon sobre los hechos y solicitaron la devoluci\u00f3n del cad\u00e1ver para darle cristiana sepultura. <\/p>\n","protected":false},"excerpt":{"rendered":"<p>La tragedia ocurri\u00f3 en el Sa\u00faz Ma. del Carmen V. Mortal accidente ocurri\u00f3 el pasado lunes 21 de noviembre, en el ejido el Sa\u00faz cuando un viejito fue embestido por&#8230;<\/p>\n","protected":false},"author":1,"featured_media":0,"comment_status":"closed","ping_status":"open","sticky":false,"template":"","format":"standard","meta":{"footnotes":""},"categories":[3],"tags":[410,409],"class_list":["post-834","post","type-post","status-publish","format-standard","hentry","category-cerritos","tag-cirilo-alanis-hernandez","tag-sauz","entry","simple"],"_links":{"self":[{"href":"https:\/\/www.plurinominal.com.mx\/index.php?rest_route=\/wp\/v2\/posts\/834","targetHints":{"allow":["GET"]}}],"collection":[{"href":"https:\/\/www.plurinominal.com.mx\/index.php?rest_route=\/wp\/v2\/posts"}],"about":[{"href":"https:\/\/www.plurinominal.com.mx\/index.php?rest_route=\/wp\/v2\/types\/post"}],"author":[{"embeddable":true,"href":"https:\/\/www.plurinominal.com.mx\/index.php?rest_route=\/wp\/v2\/users\/1"}],"replies":[{"embeddable":true,"href":"https:\/\/www.plurinominal.com.mx\/index.php?rest_route=%2Fwp%2Fv2%2Fcomments&post=834"}],"version-history":[{"count":0,"href":"https:\/\/www.plurinominal.com.mx\/index.php?rest_route=\/wp\/v2\/posts\/834\/revisions"}],"wp:attachment":[{"href":"https:\/\/www.plurinominal.com.mx\/index.php?rest_route=%2Fwp%2Fv2%2Fmedia&parent=834"}],"wp:term":[{"taxonomy":"category","embeddable":true,"href":"https:\/\/www.plurinominal.com.mx\/index.php?rest_route=%2Fwp%2Fv2%2Fcategories&post=834"},{"taxonomy":"post_tag","embeddable":true,"href":"https:\/\/www.plurinominal.com.mx\/index.php?rest_route=%2Fwp%2Fv2%2Ftags&post=834"}],"curies":[{"name":"wp","href":"https:\/\/api.w.org\/{rel}","templated":true}]}}